{"id":630,"date":"2024-01-22T16:27:00","date_gmt":"2024-01-22T15:27:00","guid":{"rendered":"https:\/\/canis-conseil.fr\/?p=630"},"modified":"2025-11-23T19:26:07","modified_gmt":"2025-11-23T18:26:07","slug":"les-entreprises-doivent-payer-le-prix-fort-pour-se-couvrir-contre-les-risques-politiques","status":"publish","type":"post","link":"https:\/\/canis-conseil.fr\/index.php\/2024\/01\/22\/les-entreprises-doivent-payer-le-prix-fort-pour-se-couvrir-contre-les-risques-politiques\/","title":{"rendered":"Les entreprises doivent payer le prix fort pour se couvrir contre les risques politiques"},"content":{"rendered":"\n<p class=\"has-text-align-center\"><a href=\"https:\/\/www.lesechos.fr\/finance-marches\/banque-assurances\/les-entreprises-doivent-payer-le-prix-fort-pour-se-couvrir-contre-les-risques-politiques-2047629\" target=\"_blank\" rel=\"noreferrer noopener\">Les Echos<\/a>, 22 janvier 2024. <\/p>\n\n\n\n<p class=\"has-medium-font-size\">Se couvrir face \u00e0 des d\u00e9gradations et autres sinistres d&#8217;origine politique a un co\u00fbt de plus en plus \u00e9lev\u00e9, dans un contexte d\u00e9j\u00e0 inflationniste pour l&#8217;assurance des entreprises. [&#8230;] Op\u00e9r\u00e9e principalement via la place de march\u00e9 londonienne du Lloyds, l&#8217;assurance des risques de guerre, attentats et mouvements populaires est \u00ab&nbsp;un micro march\u00e9, qui semble avoir du mal \u00e0 absorber la multiplication des \u00e9v\u00e9nements. [&#8230;] Depuis la fin des ann\u00e9es&nbsp;2010, les difficult\u00e9s de couverture se sont d\u00e9plac\u00e9es du terrorisme vers le risque de gr\u00e8ves, \u00e9meutes et mouvements populaires, avec une succession d&#8217;\u00e9v\u00e9nements dans des pays jug\u00e9s jusque-l\u00e0 stables politiquement [&#8230;] Les pertes des entreprises d\u00e9coulent parfois aussi de d\u00e9cisions gouvernementales, et pas seulement dans des pays touch\u00e9s par des coups d&#8217;Etat. Dernier exemple en date : le Mexique a d\u00e9cid\u00e9 fin d\u00e9cembre de nationaliser une unit\u00e9 de production d&#8217;Air Liquide.<\/p>\n","protected":false},"excerpt":{"rendered":"<p>Les Echos, 22 janvier 2024. Se couvrir face \u00e0 des d\u00e9gradations et autres sinistres d&#8217;origine politique a un co\u00fbt de plus en plus \u00e9lev\u00e9, dans un contexte d\u00e9j\u00e0 inflationniste pour l&#8217;assurance des entreprises. [&#8230;] Op\u00e9r\u00e9e principalement via la place de march\u00e9 londonienne du Lloyds, l&#8217;assurance des risques de guerre, attentats et mouvements populaires est \u00ab&nbsp;un &hellip;<\/p>\n<p class=\"read-more\"> <a class=\"\" href=\"https:\/\/canis-conseil.fr\/index.php\/2024\/01\/22\/les-entreprises-doivent-payer-le-prix-fort-pour-se-couvrir-contre-les-risques-politiques\/\"> <span class=\"screen-reader-text\">Les entreprises doivent payer le prix fort pour se couvrir contre les risques politiques<\/span> Read More &raquo;<\/a><\/p>\n","protected":false},"author":1,"featured_media":0,"comment_status":"open","ping_status":"open","sticky":false,"template":"","format":"standard","meta":{"_uag_custom_page_level_css":"","site-sidebar-layout":"default","site-content-layout":"","ast-site-content-layout":"","site-content-style":"default","site-sidebar-style":"default","ast-global-header-display":"","ast-banner-title-visibility":"","ast-main-header-display":"","ast-hfb-above-header-display":"","ast-hfb-below-header-display":"","ast-hfb-mobile-header-display":"","site-post-title":"","ast-breadcrumbs-content":"","ast-featured-img":"","footer-sml-layout":"","theme-transparent-header-meta":"","adv-header-id-meta":"","stick-header-meta":"","header-above-stick-meta":"","header-main-stick-meta":"","header-below-stick-meta":"","astra-migrate-meta-layouts":"","footnotes":""},"categories":[8],"tags":[],"class_list":["post-630","post","type-post","status-publish","format-standard","hentry","category-intelligence-economique"],"uagb_featured_image_src":{"full":false,"thumbnail":false,"medium":false,"medium_large":false,"large":false,"1536x1536":false,"2048x2048":false},"uagb_author_info":{"display_name":"Catherine Delahaye","author_link":"https:\/\/canis-conseil.fr\/index.php\/author\/admin5132\/"},"uagb_comment_info":0,"uagb_excerpt":"Les Echos, 22 janvier 2024. Se couvrir face \u00e0 des d\u00e9gradations et autres sinistres d&#8217;origine politique a un co\u00fbt de plus en plus \u00e9lev\u00e9, dans un contexte d\u00e9j\u00e0 inflationniste pour l&#8217;assurance des entreprises. [&#8230;] Op\u00e9r\u00e9e principalement via la place de march\u00e9 londonienne du Lloyds, l&#8217;assurance des risques de guerre, attentats et mouvements populaires est \u00ab&nbsp;un&hellip;","_links":{"self":[{"href":"https:\/\/canis-conseil.fr\/index.php\/wp-json\/wp\/v2\/posts\/630","targetHints":{"allow":["GET"]}}],"collection":[{"href":"https:\/\/canis-conseil.fr\/index.php\/wp-json\/wp\/v2\/posts"}],"about":[{"href":"https:\/\/canis-conseil.fr\/index.php\/wp-json\/wp\/v2\/types\/post"}],"author":[{"embeddable":true,"href":"https:\/\/canis-conseil.fr\/index.php\/wp-json\/wp\/v2\/users\/1"}],"replies":[{"embeddable":true,"href":"https:\/\/canis-conseil.fr\/index.php\/wp-json\/wp\/v2\/comments?post=630"}],"version-history":[{"count":2,"href":"https:\/\/canis-conseil.fr\/index.php\/wp-json\/wp\/v2\/posts\/630\/revisions"}],"predecessor-version":[{"id":1461,"href":"https:\/\/canis-conseil.fr\/index.php\/wp-json\/wp\/v2\/posts\/630\/revisions\/1461"}],"wp:attachment":[{"href":"https:\/\/canis-conseil.fr\/index.php\/wp-json\/wp\/v2\/media?parent=630"}],"wp:term":[{"taxonomy":"category","embeddable":true,"href":"https:\/\/canis-conseil.fr\/index.php\/wp-json\/wp\/v2\/categories?post=630"},{"taxonomy":"post_tag","embeddable":true,"href":"https:\/\/canis-conseil.fr\/index.php\/wp-json\/wp\/v2\/tags?post=630"}],"curies":[{"name":"wp","href":"https:\/\/api.w.org\/{rel}","templated":true}]}}