{"id":614,"date":"2024-01-23T18:02:00","date_gmt":"2024-01-23T17:02:00","guid":{"rendered":"https:\/\/canis-conseil.fr\/?p=614"},"modified":"2025-11-23T19:25:45","modified_gmt":"2025-11-23T18:25:45","slug":"lintelligence-economique-rempart-contre-la-desinformation","status":"publish","type":"post","link":"https:\/\/canis-conseil.fr\/index.php\/2024\/01\/23\/lintelligence-economique-rempart-contre-la-desinformation\/","title":{"rendered":"L&#8217;intelligence \u00e9conomique, rempart contre la d\u00e9sinformation"},"content":{"rendered":"\n<p class=\"has-text-align-center\"><a href=\"https:\/\/www.lesechos.fr\/idees-debats\/cercle\/opinion-lintelligence-economique-rempart-contre-la-desinformation-2070959\" target=\"_blank\" rel=\"noreferrer noopener\">Les Echos<\/a>, 23 janvier 2024.<\/p>\n\n\n\n<p class=\"has-medium-font-size\">Selon le Forum \u00e9conomique mondial de Davos,&nbsp;la d\u00e9sinformation et la manipulation de l&#8217;information est le risque num\u00e9ro un \u00e0 court terme, devant les \u00e9v\u00e9nements climatiques extr\u00eames, la polarisation de la soci\u00e9t\u00e9 et l&#8217;ins\u00e9curit\u00e9 cyber. [&#8230;] L&#8217;information est une mati\u00e8re premi\u00e8re, une ressource, qui doit \u00eatre travaill\u00e9e avec soins et m\u00e9thode avant d&#8217;\u00eatre exploit\u00e9e ; alors, elle se valorise et devient indispensable.<\/p>\n","protected":false},"excerpt":{"rendered":"<p>Les Echos, 23 janvier 2024. Selon le Forum \u00e9conomique mondial de Davos,&nbsp;la d\u00e9sinformation et la manipulation de l&#8217;information est le risque num\u00e9ro un \u00e0 court terme, devant les \u00e9v\u00e9nements climatiques extr\u00eames, la polarisation de la soci\u00e9t\u00e9 et l&#8217;ins\u00e9curit\u00e9 cyber. [&#8230;] L&#8217;information est une mati\u00e8re premi\u00e8re, une ressource, qui doit \u00eatre travaill\u00e9e avec soins et m\u00e9thode &hellip;<\/p>\n<p class=\"read-more\"> <a class=\"\" href=\"https:\/\/canis-conseil.fr\/index.php\/2024\/01\/23\/lintelligence-economique-rempart-contre-la-desinformation\/\"> <span class=\"screen-reader-text\">L&#8217;intelligence \u00e9conomique, rempart contre la d\u00e9sinformation<\/span> Read More &raquo;<\/a><\/p>\n","protected":false},"author":1,"featured_media":0,"comment_status":"open","ping_status":"open","sticky":false,"template":"","format":"standard","meta":{"_uag_custom_page_level_css":"","site-sidebar-layout":"default","site-content-layout":"","ast-site-content-layout":"","site-content-style":"default","site-sidebar-style":"default","ast-global-header-display":"","ast-banner-title-visibility":"","ast-main-header-display":"","ast-hfb-above-header-display":"","ast-hfb-below-header-display":"","ast-hfb-mobile-header-display":"","site-post-title":"","ast-breadcrumbs-content":"","ast-featured-img":"","footer-sml-layout":"","theme-transparent-header-meta":"","adv-header-id-meta":"","stick-header-meta":"","header-above-stick-meta":"","header-main-stick-meta":"","header-below-stick-meta":"","astra-migrate-meta-layouts":"","footnotes":""},"categories":[9,8],"tags":[],"class_list":["post-614","post","type-post","status-publish","format-standard","hentry","category-gouvernance","category-intelligence-economique"],"uagb_featured_image_src":{"full":false,"thumbnail":false,"medium":false,"medium_large":false,"large":false,"1536x1536":false,"2048x2048":false},"uagb_author_info":{"display_name":"Catherine Delahaye","author_link":"https:\/\/canis-conseil.fr\/index.php\/author\/admin5132\/"},"uagb_comment_info":0,"uagb_excerpt":"Les Echos, 23 janvier 2024. Selon le Forum \u00e9conomique mondial de Davos,&nbsp;la d\u00e9sinformation et la manipulation de l&#8217;information est le risque num\u00e9ro un \u00e0 court terme, devant les \u00e9v\u00e9nements climatiques extr\u00eames, la polarisation de la soci\u00e9t\u00e9 et l&#8217;ins\u00e9curit\u00e9 cyber. [&#8230;] L&#8217;information est une mati\u00e8re premi\u00e8re, une ressource, qui doit \u00eatre travaill\u00e9e avec soins et m\u00e9thode&hellip;","_links":{"self":[{"href":"https:\/\/canis-conseil.fr\/index.php\/wp-json\/wp\/v2\/posts\/614","targetHints":{"allow":["GET"]}}],"collection":[{"href":"https:\/\/canis-conseil.fr\/index.php\/wp-json\/wp\/v2\/posts"}],"about":[{"href":"https:\/\/canis-conseil.fr\/index.php\/wp-json\/wp\/v2\/types\/post"}],"author":[{"embeddable":true,"href":"https:\/\/canis-conseil.fr\/index.php\/wp-json\/wp\/v2\/users\/1"}],"replies":[{"embeddable":true,"href":"https:\/\/canis-conseil.fr\/index.php\/wp-json\/wp\/v2\/comments?post=614"}],"version-history":[{"count":2,"href":"https:\/\/canis-conseil.fr\/index.php\/wp-json\/wp\/v2\/posts\/614\/revisions"}],"predecessor-version":[{"id":1460,"href":"https:\/\/canis-conseil.fr\/index.php\/wp-json\/wp\/v2\/posts\/614\/revisions\/1460"}],"wp:attachment":[{"href":"https:\/\/canis-conseil.fr\/index.php\/wp-json\/wp\/v2\/media?parent=614"}],"wp:term":[{"taxonomy":"category","embeddable":true,"href":"https:\/\/canis-conseil.fr\/index.php\/wp-json\/wp\/v2\/categories?post=614"},{"taxonomy":"post_tag","embeddable":true,"href":"https:\/\/canis-conseil.fr\/index.php\/wp-json\/wp\/v2\/tags?post=614"}],"curies":[{"name":"wp","href":"https:\/\/api.w.org\/{rel}","templated":true}]}}