{"id":493,"date":"2023-11-16T13:14:00","date_gmt":"2023-11-16T12:14:00","guid":{"rendered":"https:\/\/canis-conseil.fr\/?p=493"},"modified":"2025-11-23T19:36:12","modified_gmt":"2025-11-23T18:36:12","slug":"meta-et-tiktok-contestent-le-dma-devant-la-justice-europeenne","status":"publish","type":"post","link":"https:\/\/canis-conseil.fr\/index.php\/2023\/11\/16\/meta-et-tiktok-contestent-le-dma-devant-la-justice-europeenne\/","title":{"rendered":"Meta et TikTok contestent le DMA devant la justice europ\u00e9enne"},"content":{"rendered":"\n<p class=\"has-text-align-center\"><a href=\"https:\/\/www.usine-digitale.fr\/article\/meta-et-tiktok-contestent-le-dma-devant-la-justice-europeenne.N2195778\" target=\"_blank\" rel=\"noreferrer noopener\">L&#8217;Usine Digitale<\/a>, 16 novembre 2023. <\/p>\n\n\n\n<p class=\"has-medium-font-size\">En attendant probablement&nbsp;Apple&nbsp;et peut-\u00eatre&nbsp;Amazon,&nbsp;Meta&nbsp;et&nbsp;TikTok&nbsp;sont les deux premiers g\u00e9ants technologiques \u00e0 contester le Digital Markets Act devant la justice europ\u00e9enne.&nbsp;[&#8230;]&nbsp;Google&nbsp;et&nbsp;Microsoft&nbsp;ont d\u00e9j\u00e0 indiqu\u00e9 qu\u2019ils ne feront pas appel.<\/p>\n","protected":false},"excerpt":{"rendered":"<p>L&#8217;Usine Digitale, 16 novembre 2023. En attendant probablement&nbsp;Apple&nbsp;et peut-\u00eatre&nbsp;Amazon,&nbsp;Meta&nbsp;et&nbsp;TikTok&nbsp;sont les deux premiers g\u00e9ants technologiques \u00e0 contester le Digital Markets Act devant la justice europ\u00e9enne.&nbsp;[&#8230;]&nbsp;Google&nbsp;et&nbsp;Microsoft&nbsp;ont d\u00e9j\u00e0 indiqu\u00e9 qu\u2019ils ne feront pas appel.<\/p>\n","protected":false},"author":1,"featured_media":0,"comment_status":"open","ping_status":"open","sticky":false,"template":"","format":"standard","meta":{"_uag_custom_page_level_css":"","site-sidebar-layout":"default","site-content-layout":"","ast-site-content-layout":"","site-content-style":"default","site-sidebar-style":"default","ast-global-header-display":"","ast-banner-title-visibility":"","ast-main-header-display":"","ast-hfb-above-header-display":"","ast-hfb-below-header-display":"","ast-hfb-mobile-header-display":"","site-post-title":"","ast-breadcrumbs-content":"","ast-featured-img":"","footer-sml-layout":"","theme-transparent-header-meta":"","adv-header-id-meta":"","stick-header-meta":"","header-above-stick-meta":"","header-main-stick-meta":"","header-below-stick-meta":"","astra-migrate-meta-layouts":"","footnotes":""},"categories":[12,8],"tags":[],"class_list":["post-493","post","type-post","status-publish","format-standard","hentry","category-communication","category-intelligence-economique"],"uagb_featured_image_src":{"full":false,"thumbnail":false,"medium":false,"medium_large":false,"large":false,"1536x1536":false,"2048x2048":false},"uagb_author_info":{"display_name":"Catherine Delahaye","author_link":"https:\/\/canis-conseil.fr\/index.php\/author\/admin5132\/"},"uagb_comment_info":0,"uagb_excerpt":"L&#8217;Usine Digitale, 16 novembre 2023. En attendant probablement&nbsp;Apple&nbsp;et peut-\u00eatre&nbsp;Amazon,&nbsp;Meta&nbsp;et&nbsp;TikTok&nbsp;sont les deux premiers g\u00e9ants technologiques \u00e0 contester le Digital Markets Act devant la justice europ\u00e9enne.&nbsp;[&#8230;]&nbsp;Google&nbsp;et&nbsp;Microsoft&nbsp;ont d\u00e9j\u00e0 indiqu\u00e9 qu\u2019ils ne feront pas appel.","_links":{"self":[{"href":"https:\/\/canis-conseil.fr\/index.php\/wp-json\/wp\/v2\/posts\/493","targetHints":{"allow":["GET"]}}],"collection":[{"href":"https:\/\/canis-conseil.fr\/index.php\/wp-json\/wp\/v2\/posts"}],"about":[{"href":"https:\/\/canis-conseil.fr\/index.php\/wp-json\/wp\/v2\/types\/post"}],"author":[{"embeddable":true,"href":"https:\/\/canis-conseil.fr\/index.php\/wp-json\/wp\/v2\/users\/1"}],"replies":[{"embeddable":true,"href":"https:\/\/canis-conseil.fr\/index.php\/wp-json\/wp\/v2\/comments?post=493"}],"version-history":[{"count":2,"href":"https:\/\/canis-conseil.fr\/index.php\/wp-json\/wp\/v2\/posts\/493\/revisions"}],"predecessor-version":[{"id":1477,"href":"https:\/\/canis-conseil.fr\/index.php\/wp-json\/wp\/v2\/posts\/493\/revisions\/1477"}],"wp:attachment":[{"href":"https:\/\/canis-conseil.fr\/index.php\/wp-json\/wp\/v2\/media?parent=493"}],"wp:term":[{"taxonomy":"category","embeddable":true,"href":"https:\/\/canis-conseil.fr\/index.php\/wp-json\/wp\/v2\/categories?post=493"},{"taxonomy":"post_tag","embeddable":true,"href":"https:\/\/canis-conseil.fr\/index.php\/wp-json\/wp\/v2\/tags?post=493"}],"curies":[{"name":"wp","href":"https:\/\/api.w.org\/{rel}","templated":true}]}}