{"id":456,"date":"2023-06-01T18:05:00","date_gmt":"2023-06-01T16:05:00","guid":{"rendered":"https:\/\/canis-conseil.fr\/?p=456"},"modified":"2025-11-23T19:41:50","modified_gmt":"2025-11-23T18:41:50","slug":"climat-enjeux-societaux-cybersecurite-quels-administrateurs-recruter-pour-epauler-lentreprise","status":"publish","type":"post","link":"https:\/\/canis-conseil.fr\/index.php\/2023\/06\/01\/climat-enjeux-societaux-cybersecurite-quels-administrateurs-recruter-pour-epauler-lentreprise\/","title":{"rendered":"Climat, enjeux soci\u00e9taux, cybers\u00e9curit\u00e9\u00a0: quels administrateurs recruter pour \u00e9pauler l&#8217;entreprise\u00a0?\u00a0"},"content":{"rendered":"\n<p class=\"has-text-align-center\"><a href=\"https:\/\/media.lesechos.com\/api\/v1\/images\/view\/64782268894a1c66ba5257b8\/1280x720-webp\/090303258684-web-tete.webp\" target=\"_blank\" rel=\"noreferrer noopener\">Les Echos<\/a>, 1er juin 2023. <\/p>\n\n\n\n<p class=\"has-medium-font-size\">\ud83d\udcac L&#8217;int\u00e9r\u00eat croissant des parties prenantes pour la responsabilit\u00e9 sociale d&#8217;entreprise et la pression de l&#8217;opinion g\u00e9n\u00e9rale sur le traitement des questions li\u00e9es au climat,&nbsp;la diversit\u00e9, l&#8217;\u00e9quit\u00e9 et l&#8217;inclusion (DEI)&nbsp;compliquent la t\u00e2che des entreprises. Pas facile de fixer des objectifs mesurables et atteignables en la mati\u00e8re tout en gardant un \u0153il vigilant sur les comptes et la vie ultra-concurrentielle des affaires.<\/p>\n","protected":false},"excerpt":{"rendered":"<p>Les Echos, 1er juin 2023. \ud83d\udcac L&#8217;int\u00e9r\u00eat croissant des parties prenantes pour la responsabilit\u00e9 sociale d&#8217;entreprise et la pression de l&#8217;opinion g\u00e9n\u00e9rale sur le traitement des questions li\u00e9es au climat,&nbsp;la diversit\u00e9, l&#8217;\u00e9quit\u00e9 et l&#8217;inclusion (DEI)&nbsp;compliquent la t\u00e2che des entreprises. Pas facile de fixer des objectifs mesurables et atteignables en la mati\u00e8re tout en gardant un &hellip;<\/p>\n<p class=\"read-more\"> <a class=\"\" href=\"https:\/\/canis-conseil.fr\/index.php\/2023\/06\/01\/climat-enjeux-societaux-cybersecurite-quels-administrateurs-recruter-pour-epauler-lentreprise\/\"> <span class=\"screen-reader-text\">Climat, enjeux soci\u00e9taux, cybers\u00e9curit\u00e9\u00a0: quels administrateurs recruter pour \u00e9pauler l&#8217;entreprise\u00a0?\u00a0<\/span> Read More &raquo;<\/a><\/p>\n","protected":false},"author":1,"featured_media":0,"comment_status":"open","ping_status":"open","sticky":false,"template":"","format":"standard","meta":{"_uag_custom_page_level_css":"","site-sidebar-layout":"default","site-content-layout":"","ast-site-content-layout":"","site-content-style":"default","site-sidebar-style":"default","ast-global-header-display":"","ast-banner-title-visibility":"","ast-main-header-display":"","ast-hfb-above-header-display":"","ast-hfb-below-header-display":"","ast-hfb-mobile-header-display":"","site-post-title":"","ast-breadcrumbs-content":"","ast-featured-img":"","footer-sml-layout":"","theme-transparent-header-meta":"","adv-header-id-meta":"","stick-header-meta":"","header-above-stick-meta":"","header-main-stick-meta":"","header-below-stick-meta":"","astra-migrate-meta-layouts":"","footnotes":""},"categories":[10,9],"tags":[],"class_list":["post-456","post","type-post","status-publish","format-standard","hentry","category-esg","category-gouvernance"],"uagb_featured_image_src":{"full":false,"thumbnail":false,"medium":false,"medium_large":false,"large":false,"1536x1536":false,"2048x2048":false},"uagb_author_info":{"display_name":"Catherine Delahaye","author_link":"https:\/\/canis-conseil.fr\/index.php\/author\/admin5132\/"},"uagb_comment_info":0,"uagb_excerpt":"Les Echos, 1er juin 2023. \ud83d\udcac L&#8217;int\u00e9r\u00eat croissant des parties prenantes pour la responsabilit\u00e9 sociale d&#8217;entreprise et la pression de l&#8217;opinion g\u00e9n\u00e9rale sur le traitement des questions li\u00e9es au climat,&nbsp;la diversit\u00e9, l&#8217;\u00e9quit\u00e9 et l&#8217;inclusion (DEI)&nbsp;compliquent la t\u00e2che des entreprises. Pas facile de fixer des objectifs mesurables et atteignables en la mati\u00e8re tout en gardant un&hellip;","_links":{"self":[{"href":"https:\/\/canis-conseil.fr\/index.php\/wp-json\/wp\/v2\/posts\/456","targetHints":{"allow":["GET"]}}],"collection":[{"href":"https:\/\/canis-conseil.fr\/index.php\/wp-json\/wp\/v2\/posts"}],"about":[{"href":"https:\/\/canis-conseil.fr\/index.php\/wp-json\/wp\/v2\/types\/post"}],"author":[{"embeddable":true,"href":"https:\/\/canis-conseil.fr\/index.php\/wp-json\/wp\/v2\/users\/1"}],"replies":[{"embeddable":true,"href":"https:\/\/canis-conseil.fr\/index.php\/wp-json\/wp\/v2\/comments?post=456"}],"version-history":[{"count":2,"href":"https:\/\/canis-conseil.fr\/index.php\/wp-json\/wp\/v2\/posts\/456\/revisions"}],"predecessor-version":[{"id":1493,"href":"https:\/\/canis-conseil.fr\/index.php\/wp-json\/wp\/v2\/posts\/456\/revisions\/1493"}],"wp:attachment":[{"href":"https:\/\/canis-conseil.fr\/index.php\/wp-json\/wp\/v2\/media?parent=456"}],"wp:term":[{"taxonomy":"category","embeddable":true,"href":"https:\/\/canis-conseil.fr\/index.php\/wp-json\/wp\/v2\/categories?post=456"},{"taxonomy":"post_tag","embeddable":true,"href":"https:\/\/canis-conseil.fr\/index.php\/wp-json\/wp\/v2\/tags?post=456"}],"curies":[{"name":"wp","href":"https:\/\/api.w.org\/{rel}","templated":true}]}}