{"id":444,"date":"2023-11-10T17:40:00","date_gmt":"2023-11-10T16:40:00","guid":{"rendered":"https:\/\/canis-conseil.fr\/?p=444"},"modified":"2025-11-23T19:37:19","modified_gmt":"2025-11-23T18:37:19","slug":"deux-pdg-au-lieu-dun-le-choix-atypique-de-ces-start-up","status":"publish","type":"post","link":"https:\/\/canis-conseil.fr\/index.php\/2023\/11\/10\/deux-pdg-au-lieu-dun-le-choix-atypique-de-ces-start-up\/","title":{"rendered":"Deux PDG au lieu d&#8217;un\u00a0: le choix atypique de ces start-up\u00a0"},"content":{"rendered":"\n<p class=\"has-text-align-center\"><a href=\"https:\/\/www.lesechos.fr\/start-up\/ecosysteme\/deux-pdg-au-lieu-dun-le-choix-atypique-de-ces-start-up-1877637\" target=\"_blank\" rel=\"noreferrer noopener\">Les Echos<\/a>, 10 novembre 2023. <\/p>\n\n\n\n<p class=\"has-medium-font-size\">\ud83d\udcac Je m&#8217;interroge sur la viabilit\u00e9 \u00e0 long terme de ce fonctionnement bic\u00e9phale et sur le r\u00f4le de chacun avec cette double casquette de Pr\u00e9sident (strat\u00e9gie) et de Directeur g\u00e9n\u00e9ral (op\u00e9rationnel).<\/p>\n","protected":false},"excerpt":{"rendered":"<p>Les Echos, 10 novembre 2023. \ud83d\udcac Je m&#8217;interroge sur la viabilit\u00e9 \u00e0 long terme de ce fonctionnement bic\u00e9phale et sur le r\u00f4le de chacun avec cette double casquette de Pr\u00e9sident (strat\u00e9gie) et de Directeur g\u00e9n\u00e9ral (op\u00e9rationnel).<\/p>\n","protected":false},"author":1,"featured_media":0,"comment_status":"open","ping_status":"open","sticky":false,"template":"","format":"standard","meta":{"_uag_custom_page_level_css":"","site-sidebar-layout":"default","site-content-layout":"","ast-site-content-layout":"","site-content-style":"default","site-sidebar-style":"default","ast-global-header-display":"","ast-banner-title-visibility":"","ast-main-header-display":"","ast-hfb-above-header-display":"","ast-hfb-below-header-display":"","ast-hfb-mobile-header-display":"","site-post-title":"","ast-breadcrumbs-content":"","ast-featured-img":"","footer-sml-layout":"","theme-transparent-header-meta":"","adv-header-id-meta":"","stick-header-meta":"","header-above-stick-meta":"","header-main-stick-meta":"","header-below-stick-meta":"","astra-migrate-meta-layouts":"","footnotes":""},"categories":[9,11],"tags":[],"class_list":["post-444","post","type-post","status-publish","format-standard","hentry","category-gouvernance","category-start-up"],"uagb_featured_image_src":{"full":false,"thumbnail":false,"medium":false,"medium_large":false,"large":false,"1536x1536":false,"2048x2048":false},"uagb_author_info":{"display_name":"Catherine Delahaye","author_link":"https:\/\/canis-conseil.fr\/index.php\/author\/admin5132\/"},"uagb_comment_info":0,"uagb_excerpt":"Les Echos, 10 novembre 2023. \ud83d\udcac Je m&#8217;interroge sur la viabilit\u00e9 \u00e0 long terme de ce fonctionnement bic\u00e9phale et sur le r\u00f4le de chacun avec cette double casquette de Pr\u00e9sident (strat\u00e9gie) et de Directeur g\u00e9n\u00e9ral (op\u00e9rationnel).","_links":{"self":[{"href":"https:\/\/canis-conseil.fr\/index.php\/wp-json\/wp\/v2\/posts\/444","targetHints":{"allow":["GET"]}}],"collection":[{"href":"https:\/\/canis-conseil.fr\/index.php\/wp-json\/wp\/v2\/posts"}],"about":[{"href":"https:\/\/canis-conseil.fr\/index.php\/wp-json\/wp\/v2\/types\/post"}],"author":[{"embeddable":true,"href":"https:\/\/canis-conseil.fr\/index.php\/wp-json\/wp\/v2\/users\/1"}],"replies":[{"embeddable":true,"href":"https:\/\/canis-conseil.fr\/index.php\/wp-json\/wp\/v2\/comments?post=444"}],"version-history":[{"count":2,"href":"https:\/\/canis-conseil.fr\/index.php\/wp-json\/wp\/v2\/posts\/444\/revisions"}],"predecessor-version":[{"id":1480,"href":"https:\/\/canis-conseil.fr\/index.php\/wp-json\/wp\/v2\/posts\/444\/revisions\/1480"}],"wp:attachment":[{"href":"https:\/\/canis-conseil.fr\/index.php\/wp-json\/wp\/v2\/media?parent=444"}],"wp:term":[{"taxonomy":"category","embeddable":true,"href":"https:\/\/canis-conseil.fr\/index.php\/wp-json\/wp\/v2\/categories?post=444"},{"taxonomy":"post_tag","embeddable":true,"href":"https:\/\/canis-conseil.fr\/index.php\/wp-json\/wp\/v2\/tags?post=444"}],"curies":[{"name":"wp","href":"https:\/\/api.w.org\/{rel}","templated":true}]}}