{"id":310,"date":"2023-11-13T14:47:56","date_gmt":"2023-11-13T13:47:56","guid":{"rendered":"https:\/\/canis-conseil.fr\/?p=310"},"modified":"2025-11-23T19:36:55","modified_gmt":"2025-11-23T18:36:55","slug":"quel-est-le-niveau-dengagement-esg-des-jeunes-pousses","status":"publish","type":"post","link":"https:\/\/canis-conseil.fr\/index.php\/2023\/11\/13\/quel-est-le-niveau-dengagement-esg-des-jeunes-pousses\/","title":{"rendered":"Quel est le niveau d&#8217;engagement ESG des jeunes pousses ?"},"content":{"rendered":"\n<p class=\"has-text-align-center has-medium-font-size\"><a href=\"https:\/\/www.lesechos.fr\/start-up\/ecosysteme\/quel-est-le-niveau-dengagement-esg-des-jeunes-pousses-1867517\" target=\"_blank\" rel=\"noreferrer noopener\">Les Echos<\/a>, 10 octobre 2023. <\/p>\n\n\n\n<p class=\"has-medium-font-size\" style=\"margin-right:var(--wp--preset--spacing--80);margin-left:var(--wp--preset--spacing--80);padding-top:var(--wp--preset--spacing--20);padding-right:0;padding-bottom:var(--wp--preset--spacing--20);padding-left:0\">\ud83d\udcac Dans une \u00e9tude de l&#8217;EDHEC Entrepreneurs&nbsp;men\u00e9e avec&nbsp;STATION F, les&nbsp;#startups&nbsp;voient en majorit\u00e9 l&#8217;int\u00e9r\u00eat d&#8217;inclure des pratiques&nbsp;#ESG&nbsp;\u00e0 leur entreprise. [&#8230;] Les plus pl\u00e9biscit\u00e9es restent les actions sur les&nbsp;#ressourceshumaines&nbsp;(qualit\u00e9 de vie au travail,&nbsp;#formation,&nbsp;#diversit\u00e9), ensuite la question du mod\u00e8le&nbsp;#\u00e9conomique&nbsp;qui int\u00e8gre des \u00e9l\u00e9ments responsables d\u00e8s ses d\u00e9buts&nbsp;:&nbsp;#\u00e9coconception, mode de distribution vertueux\u2026 [&#8230;] Il reste tout de m\u00eame du travail pour \u00e9vang\u00e9liser toutes les jeunes pousses. Dans les freins, 1 startup sur 4 \u00e9voque le manque d&#8217;information et de retour sur investissement de l&#8217;ESG. Une sur 5 estime m\u00eame que ces facteurs sont une \u00ab&nbsp;distraction&nbsp;\u00bb. [&#8230;] Plus de la moiti\u00e9 des p\u00e9pites interrog\u00e9es se disent confront\u00e9es \u00e0 un manque de ressources ou ne \u00ab&nbsp;sait pas par o\u00f9 commencer&nbsp;\u00bb.<\/p>\n","protected":false},"excerpt":{"rendered":"<p>Les Echos, 10 octobre 2023. \ud83d\udcac Dans une \u00e9tude de l&#8217;EDHEC Entrepreneurs&nbsp;men\u00e9e avec&nbsp;STATION F, les&nbsp;#startups&nbsp;voient en majorit\u00e9 l&#8217;int\u00e9r\u00eat d&#8217;inclure des pratiques&nbsp;#ESG&nbsp;\u00e0 leur entreprise. [&#8230;] Les plus pl\u00e9biscit\u00e9es restent les actions sur les&nbsp;#ressourceshumaines&nbsp;(qualit\u00e9 de vie au travail,&nbsp;#formation,&nbsp;#diversit\u00e9), ensuite la question du mod\u00e8le&nbsp;#\u00e9conomique&nbsp;qui int\u00e8gre des \u00e9l\u00e9ments responsables d\u00e8s ses d\u00e9buts&nbsp;:&nbsp;#\u00e9coconception, mode de distribution vertueux\u2026 [&#8230;] Il reste &hellip;<\/p>\n<p class=\"read-more\"> <a class=\"\" href=\"https:\/\/canis-conseil.fr\/index.php\/2023\/11\/13\/quel-est-le-niveau-dengagement-esg-des-jeunes-pousses\/\"> <span class=\"screen-reader-text\">Quel est le niveau d&#8217;engagement ESG des jeunes pousses ?<\/span> Read More &raquo;<\/a><\/p>\n","protected":false},"author":1,"featured_media":0,"comment_status":"open","ping_status":"open","sticky":false,"template":"","format":"standard","meta":{"_uag_custom_page_level_css":"","site-sidebar-layout":"default","site-content-layout":"","ast-site-content-layout":"","site-content-style":"default","site-sidebar-style":"default","ast-global-header-display":"","ast-banner-title-visibility":"","ast-main-header-display":"","ast-hfb-above-header-display":"","ast-hfb-below-header-display":"","ast-hfb-mobile-header-display":"","site-post-title":"","ast-breadcrumbs-content":"","ast-featured-img":"","footer-sml-layout":"","theme-transparent-header-meta":"","adv-header-id-meta":"","stick-header-meta":"","header-above-stick-meta":"","header-main-stick-meta":"","header-below-stick-meta":"","astra-migrate-meta-layouts":"","footnotes":""},"categories":[10,11],"tags":[],"class_list":["post-310","post","type-post","status-publish","format-standard","hentry","category-esg","category-start-up"],"uagb_featured_image_src":{"full":false,"thumbnail":false,"medium":false,"medium_large":false,"large":false,"1536x1536":false,"2048x2048":false},"uagb_author_info":{"display_name":"Catherine Delahaye","author_link":"https:\/\/canis-conseil.fr\/index.php\/author\/admin5132\/"},"uagb_comment_info":2,"uagb_excerpt":"Les Echos, 10 octobre 2023. \ud83d\udcac Dans une \u00e9tude de l&#8217;EDHEC Entrepreneurs&nbsp;men\u00e9e avec&nbsp;STATION F, les&nbsp;#startups&nbsp;voient en majorit\u00e9 l&#8217;int\u00e9r\u00eat d&#8217;inclure des pratiques&nbsp;#ESG&nbsp;\u00e0 leur entreprise. [&#8230;] Les plus pl\u00e9biscit\u00e9es restent les actions sur les&nbsp;#ressourceshumaines&nbsp;(qualit\u00e9 de vie au travail,&nbsp;#formation,&nbsp;#diversit\u00e9), ensuite la question du mod\u00e8le&nbsp;#\u00e9conomique&nbsp;qui int\u00e8gre des \u00e9l\u00e9ments responsables d\u00e8s ses d\u00e9buts&nbsp;:&nbsp;#\u00e9coconception, mode de distribution vertueux\u2026 [&#8230;] Il reste&hellip;","_links":{"self":[{"href":"https:\/\/canis-conseil.fr\/index.php\/wp-json\/wp\/v2\/posts\/310","targetHints":{"allow":["GET"]}}],"collection":[{"href":"https:\/\/canis-conseil.fr\/index.php\/wp-json\/wp\/v2\/posts"}],"about":[{"href":"https:\/\/canis-conseil.fr\/index.php\/wp-json\/wp\/v2\/types\/post"}],"author":[{"embeddable":true,"href":"https:\/\/canis-conseil.fr\/index.php\/wp-json\/wp\/v2\/users\/1"}],"replies":[{"embeddable":true,"href":"https:\/\/canis-conseil.fr\/index.php\/wp-json\/wp\/v2\/comments?post=310"}],"version-history":[{"count":11,"href":"https:\/\/canis-conseil.fr\/index.php\/wp-json\/wp\/v2\/posts\/310\/revisions"}],"predecessor-version":[{"id":1479,"href":"https:\/\/canis-conseil.fr\/index.php\/wp-json\/wp\/v2\/posts\/310\/revisions\/1479"}],"wp:attachment":[{"href":"https:\/\/canis-conseil.fr\/index.php\/wp-json\/wp\/v2\/media?parent=310"}],"wp:term":[{"taxonomy":"category","embeddable":true,"href":"https:\/\/canis-conseil.fr\/index.php\/wp-json\/wp\/v2\/categories?post=310"},{"taxonomy":"post_tag","embeddable":true,"href":"https:\/\/canis-conseil.fr\/index.php\/wp-json\/wp\/v2\/tags?post=310"}],"curies":[{"name":"wp","href":"https:\/\/api.w.org\/{rel}","templated":true}]}}