{"id":1851,"date":"2026-03-05T15:52:16","date_gmt":"2026-03-05T14:52:16","guid":{"rendered":"https:\/\/canis-conseil.fr\/?p=1851"},"modified":"2026-03-10T15:54:09","modified_gmt":"2026-03-10T14:54:09","slug":"deux-futurs-possibles-affrontement-global-ou-reconstruction-dun-ordre-stable","status":"publish","type":"post","link":"https:\/\/canis-conseil.fr\/index.php\/2026\/03\/05\/deux-futurs-possibles-affrontement-global-ou-reconstruction-dun-ordre-stable\/","title":{"rendered":"\ud83c\udf0d\u00a0Deux futurs possibles : affrontement global ou reconstruction d&#8217;un ordre stable"},"content":{"rendered":"\n<p class=\"has-text-align-center\"><a href=\"https:\/\/www.lesechos.fr\/idees-debats\/editos-analyses\/la-chine-la-russie-liran-le-pakistan-suniront-alors-pour-en-finir-avec-cinq-siecles-darrogance-occidentale-peut-on-encore-eviter-la-troisieme-guerre-mondiale-2219347\" target=\"_blank\" rel=\"noreferrer noopener\">Les Echos<\/a>, 5 mars 2026<\/p>\n\n\n\n<p class=\"has-medium-font-size\">Jacques Attali d\u00e9crit un monde au bord d\u2019un basculement historique o\u00f9 deux trajectoires oppos\u00e9es se dessinent.<\/p>\n\n\n\n<p class=\"has-medium-font-size\">\ud83d\udd25 \ud835\udde6\ud835\uddf0\ud835\uddf2\u0301\ud835\uddfb\ud835\uddee\ud835\uddff\ud835\uddf6\ud835\uddfc \ud835\udfed : \ud835\ude02\ud835\uddfb\ud835\uddf2 \ud835\uddf4\ud835\ude02\ud835\uddf2\ud835\uddff\ud835\uddff\ud835\uddf2 \ud835\ude00\ud835\ude06\ud835\ude00\ud835\ude01\ud835\uddf2\u0301\ud835\uddfa\ud835\uddf6\ud835\uddfe\ud835\ude02\ud835\uddf2<br>Derri\u00e8re la fragmentation apparente des crises se formerait une dynamique plus profonde : l\u2019unification progressive d\u2019un r\u00e9cit antioccidental.<br>Un incident r\u00e9gional suffirait \u00e0 d\u00e9clencher une r\u00e9action en cha\u00eene :<br>\u25aa\ufe0f alliances crois\u00e9es entre Russie, Chine, Iran, Pakistan<br>\u25aa\ufe0f extension des fronts<br>\u25aa\ufe0f effondrement des m\u00e9canismes multilat\u00e9raux<br>\u25aa\ufe0f basculement vers une confrontation civilisationnelle<br>Ce sc\u00e9nario repose sur une id\u00e9e simple : cinq si\u00e8cles de domination occidentale nourrissent aujourd\u2019hui un d\u00e9sir de revanche g\u00e9opolitique, id\u00e9ologique et symbolique.<\/p>\n\n\n\n<p class=\"has-medium-font-size\">\ud83c\udf10 \ud835\udde6\ud835\uddf0\ud835\uddf2\u0301\ud835\uddfb\ud835\uddee\ud835\uddff\ud835\uddf6\ud835\uddfc \ud835\udfee : \ud835\ude02\ud835\uddfb \ud835\uddfa\ud835\uddfc\ud835\uddf1\ud835\uddf2\u0300\ud835\uddf9\ud835\uddf2 \ud835\uddfc\ud835\uddf0\ud835\uddf0\ud835\uddf6\ud835\uddf1\ud835\uddf2\ud835\uddfb\ud835\ude01\ud835\uddee\ud835\uddf9 \ud835\uddff\ud835\uddf2\ud835\uddfb\ud835\uddfc\ud835\ude02\ud835\ude03\ud835\uddf2\ud835\uddf9\ud835\uddf2\u0301<br>L\u2019alternative passe par une Europe capable d\u2019assumer son histoire, de d\u00e9fendre un universalisme coh\u00e9rent et de redevenir un p\u00f4le de stabilit\u00e9 fond\u00e9 sur :<br>\u25aa\ufe0f l\u2019\u00c9tat de droit<br>\u25aa\ufe0f la justice sociale<br>\u25aa\ufe0f la libert\u00e9 individuelle<br>\u25aa\ufe0f une diplomatie cr\u00e9dible et unie<br>Les r\u00e9gimes autoritaires s\u2019essoufflent, les tensions se stabilisent et un nouvel ordre international peut \u00e9merger par l\u2019attractivit\u00e9 d\u2019un mod\u00e8le politique et \u00e9conomique.<\/p>\n\n\n\n<p class=\"has-medium-font-size\">\ud83e\udded \ud835\uddd8\ud835\ude01 \ud835\uddfd\ud835\uddfc\ud835\ude02\ud835\uddff \ud835\uddf9\ud835\uddf2\ud835\ude00 \ud835\uddf1\ud835\uddf6\ud835\uddff\ud835\uddf6\ud835\uddf4\ud835\uddf2\ud835\uddee\ud835\uddfb\ud835\ude01\ud835\ude00 ?<br>La g\u00e9opolitique est un facteur strat\u00e9gique majeur.<br>La gouvernance d\u2019entreprise doit \u00eatre plus strat\u00e9gique, prospective et ancr\u00e9e dans la compr\u00e9hension des rapports de force.<\/p>\n\n\n\n<p class=\"has-medium-font-size\">\u2049\ufe0f Trois questions centrales :<br>\u25aa\ufe0f \ud835\udde5\ud835\uddf2\u0301\ud835\ude00\ud835\uddf6\ud835\uddf9\ud835\uddf6\ud835\uddf2\ud835\uddfb\ud835\uddf0\ud835\uddf2 : comment prot\u00e9ger les cha\u00eenes de valeur face \u00e0 des chocs syst\u00e9miques ?<br>\u25aa\ufe0f \ud835\udde6\ud835\uddfc\ud835\ude02\ud835\ude03\ud835\uddf2\ud835\uddff\ud835\uddee\ud835\uddf6\ud835\uddfb\ud835\uddf2\ud835\ude01\ud835\uddf2\u0301 : quelles d\u00e9pendances critiques r\u00e9duire d\u00e8s maintenant (\u00e9nergie, donn\u00e9es, technologies, mati\u00e8res premi\u00e8res) ?<br>\u25aa\ufe0f \ud835\uddda\ud835\uddfc\ud835\ude02\ud835\ude03\ud835\uddf2\ud835\uddff\ud835\uddfb\ud835\uddee\ud835\uddfb\ud835\uddf0\ud835\uddf2 : comment int\u00e9grer la g\u00e9opolitique dans les conseils d\u2019administration, les plans de continuit\u00e9 et les arbitrages d\u2019investissement ?<\/p>\n\n\n\n<p class=\"has-medium-font-size\">\ud83d\udccc En tant qu\u2019administratrice ind\u00e9pendante certifi\u00e9e, j\u2019accompagne les entreprises dans la structuration de leur gouvernance et encourage les dirigeants \u00e0 la prise de recul : se poser les bonnes questions pour porter une vision strat\u00e9gique qui sert l&#8217;humain autant que la performance.<\/p>\n","protected":false},"excerpt":{"rendered":"<p>Les Echos, 5 mars 2026 Jacques Attali d\u00e9crit un monde au bord d\u2019un basculement historique o\u00f9 deux trajectoires oppos\u00e9es se dessinent. \ud83d\udd25 \ud835\udde6\ud835\uddf0\ud835\uddf2\u0301\ud835\uddfb\ud835\uddee\ud835\uddff\ud835\uddf6\ud835\uddfc \ud835\udfed : \ud835\ude02\ud835\uddfb\ud835\uddf2 \ud835\uddf4\ud835\ude02\ud835\uddf2\ud835\uddff\ud835\uddff\ud835\uddf2 \ud835\ude00\ud835\ude06\ud835\ude00\ud835\ude01\ud835\uddf2\u0301\ud835\uddfa\ud835\uddf6\ud835\uddfe\ud835\ude02\ud835\uddf2Derri\u00e8re la fragmentation apparente des crises se formerait une dynamique plus profonde : l\u2019unification progressive d\u2019un r\u00e9cit antioccidental.Un incident r\u00e9gional suffirait \u00e0 d\u00e9clencher une r\u00e9action en cha\u00eene :\u25aa\ufe0f &hellip;<\/p>\n<p class=\"read-more\"> <a class=\"\" href=\"https:\/\/canis-conseil.fr\/index.php\/2026\/03\/05\/deux-futurs-possibles-affrontement-global-ou-reconstruction-dun-ordre-stable\/\"> <span class=\"screen-reader-text\">\ud83c\udf0d\u00a0Deux futurs possibles : affrontement global ou reconstruction d&#8217;un ordre stable<\/span> Read More &raquo;<\/a><\/p>\n","protected":false},"author":1,"featured_media":0,"comment_status":"open","ping_status":"open","sticky":false,"template":"","format":"standard","meta":{"_uag_custom_page_level_css":"","site-sidebar-layout":"default","site-content-layout":"","ast-site-content-layout":"","site-content-style":"default","site-sidebar-style":"default","ast-global-header-display":"","ast-banner-title-visibility":"","ast-main-header-display":"","ast-hfb-above-header-display":"","ast-hfb-below-header-display":"","ast-hfb-mobile-header-display":"","site-post-title":"","ast-breadcrumbs-content":"","ast-featured-img":"","footer-sml-layout":"","theme-transparent-header-meta":"","adv-header-id-meta":"","stick-header-meta":"","header-above-stick-meta":"","header-main-stick-meta":"","header-below-stick-meta":"","astra-migrate-meta-layouts":"","footnotes":""},"categories":[9,8],"tags":[],"class_list":["post-1851","post","type-post","status-publish","format-standard","hentry","category-gouvernance","category-intelligence-economique"],"uagb_featured_image_src":{"full":false,"thumbnail":false,"medium":false,"medium_large":false,"large":false,"1536x1536":false,"2048x2048":false},"uagb_author_info":{"display_name":"Catherine Delahaye","author_link":"https:\/\/canis-conseil.fr\/index.php\/author\/admin5132\/"},"uagb_comment_info":0,"uagb_excerpt":"Les Echos, 5 mars 2026 Jacques Attali d\u00e9crit un monde au bord d\u2019un basculement historique o\u00f9 deux trajectoires oppos\u00e9es se dessinent. \ud83d\udd25 \ud835\udde6\ud835\uddf0\ud835\uddf2\u0301\ud835\uddfb\ud835\uddee\ud835\uddff\ud835\uddf6\ud835\uddfc \ud835\udfed : \ud835\ude02\ud835\uddfb\ud835\uddf2 \ud835\uddf4\ud835\ude02\ud835\uddf2\ud835\uddff\ud835\uddff\ud835\uddf2 \ud835\ude00\ud835\ude06\ud835\ude00\ud835\ude01\ud835\uddf2\u0301\ud835\uddfa\ud835\uddf6\ud835\uddfe\ud835\ude02\ud835\uddf2Derri\u00e8re la fragmentation apparente des crises se formerait une dynamique plus profonde : l\u2019unification progressive d\u2019un r\u00e9cit antioccidental.Un incident r\u00e9gional suffirait \u00e0 d\u00e9clencher une r\u00e9action en cha\u00eene :\u25aa\ufe0f&hellip;","_links":{"self":[{"href":"https:\/\/canis-conseil.fr\/index.php\/wp-json\/wp\/v2\/posts\/1851","targetHints":{"allow":["GET"]}}],"collection":[{"href":"https:\/\/canis-conseil.fr\/index.php\/wp-json\/wp\/v2\/posts"}],"about":[{"href":"https:\/\/canis-conseil.fr\/index.php\/wp-json\/wp\/v2\/types\/post"}],"author":[{"embeddable":true,"href":"https:\/\/canis-conseil.fr\/index.php\/wp-json\/wp\/v2\/users\/1"}],"replies":[{"embeddable":true,"href":"https:\/\/canis-conseil.fr\/index.php\/wp-json\/wp\/v2\/comments?post=1851"}],"version-history":[{"count":1,"href":"https:\/\/canis-conseil.fr\/index.php\/wp-json\/wp\/v2\/posts\/1851\/revisions"}],"predecessor-version":[{"id":1852,"href":"https:\/\/canis-conseil.fr\/index.php\/wp-json\/wp\/v2\/posts\/1851\/revisions\/1852"}],"wp:attachment":[{"href":"https:\/\/canis-conseil.fr\/index.php\/wp-json\/wp\/v2\/media?parent=1851"}],"wp:term":[{"taxonomy":"category","embeddable":true,"href":"https:\/\/canis-conseil.fr\/index.php\/wp-json\/wp\/v2\/categories?post=1851"},{"taxonomy":"post_tag","embeddable":true,"href":"https:\/\/canis-conseil.fr\/index.php\/wp-json\/wp\/v2\/tags?post=1851"}],"curies":[{"name":"wp","href":"https:\/\/api.w.org\/{rel}","templated":true}]}}