{"id":1843,"date":"2026-03-03T11:51:51","date_gmt":"2026-03-03T10:51:51","guid":{"rendered":"https:\/\/canis-conseil.fr\/?p=1843"},"modified":"2026-03-04T11:53:49","modified_gmt":"2026-03-04T10:53:49","slug":"moyen-orient-entre-resilience-operationnelle-et-basculement-geopolitique","status":"publish","type":"post","link":"https:\/\/canis-conseil.fr\/index.php\/2026\/03\/03\/moyen-orient-entre-resilience-operationnelle-et-basculement-geopolitique\/","title":{"rendered":"\ud83c\udf0d Moyen-Orient : entre r\u00e9silience op\u00e9rationnelle et basculement g\u00e9opolitique"},"content":{"rendered":"\n<p class=\"has-text-align-center\"><a href=\"https:\/\/www.lesechos.fr\/industrie-services\/services-conseils\/teletravail-chantiers-a-larret-comment-les-entreprises-gerent-la-crise-au-moyen-orient-2218833\" target=\"_blank\" rel=\"noreferrer noopener\">Les Echos<\/a>, 3 mars 2026. <\/p>\n\n\n\n<p class=\"has-medium-font-size\">L&#8217;escalade des tensions au Moyen-Orient marque un tournant pour les entreprises op\u00e9rant dans ces r\u00e9gions. Si l&#8217;heure n&#8217;est pas \u00e0 l&#8217;exode, la gestion du risque est pass\u00e9e en mode \u00ab haute vigilance \u00bb.<\/p>\n\n\n\n<p class=\"has-medium-font-size\">\ud835\udddf&#8217;\ud835\uddee\ud835\uddfb\ud835\uddee\ud835\uddf9\ud835\ude06\ud835\ude00\ud835\uddf2 \ud835\uddf1\ud835\uddf2 \ud835\uddf9\ud835\uddee \ud835\ude00\ud835\uddf6\ud835\ude01\ud835\ude02\ud835\uddee\ud835\ude01\ud835\uddf6\ud835\uddfc\ud835\uddfb \ud835\uddee\ud835\uddf0\ud835\ude01\ud835\ude02\ud835\uddf2\ud835\uddf9\ud835\uddf9\ud835\uddf2 \ud835\uddff\ud835\uddf2\u0301\ud835\ude03\ud835\uddf2\u0300\ud835\uddf9\ud835\uddf2 \ud835\ude01\ud835\uddff\ud835\uddfc\ud835\uddf6\ud835\ude00 \ud835\uddfd\ud835\uddf6\ud835\uddf9\ud835\uddf6\ud835\uddf2\ud835\uddff\ud835\ude00 \ud835\ude00\ud835\ude01\ud835\uddff\ud835\uddee\ud835\ude01\ud835\uddf2\u0301\ud835\uddf4\ud835\uddf6\ud835\uddfe\ud835\ude02\ud835\uddf2\ud835\ude00 \ud835\uddfd\ud835\uddfc\ud835\ude02\ud835\uddff \ud835\uddf9\ud835\uddee \ud835\uddf0\ud835\uddfc\ud835\uddfb\ud835\ude01\ud835\uddf6\ud835\uddfb\ud835\ude02\ud835\uddf6\ud835\ude01\ud835\uddf2\u0301 \ud835\uddf1\ud835\uddf2\ud835\ude00 \ud835\uddee\ud835\uddf3\ud835\uddf3\ud835\uddee\ud835\uddf6\ud835\uddff\ud835\uddf2\ud835\ude00 \ud835\uddf2\ud835\uddfb \ud835\ude07\ud835\uddfc\ud835\uddfb\ud835\uddf2 \ud835\uddf1\ud835\uddf2 \ud835\uddf0\ud835\uddff\ud835\uddf6\ud835\ude00\ud835\uddf2 :<\/p>\n\n\n\n<p class=\"has-medium-font-size\">1\ufe0f\u20e3 \ud835\udddf\ud835\uddee \ud835\uddfd\ud835\uddff\ud835\uddf6\ud835\uddfa\ud835\uddee\ud835\ude02\ud835\ude01\ud835\uddf2\u0301 \ud835\uddf1\ud835\uddf2 \ud835\uddf9\ud835\uddee \ud835\ude00\ud835\ude02\u0302\ud835\uddff\ud835\uddf2\ud835\ude01\ud835\uddf2\u0301 \ud835\uddf1\ud835\uddf2\ud835\ude00 \ud835\uddf0\ud835\uddfc\ud835\uddf9\ud835\uddf9\ud835\uddee\ud835\uddef\ud835\uddfc\ud835\uddff\ud835\uddee\ud835\ude01\ud835\uddf2\ud835\ude02\ud835\uddff\ud835\ude00 \ud83d\udee1\ufe0f<br>De Duba\u00ef \u00e0 Abu Dhabi, le t\u00e9l\u00e9travail est redevenu la norme, non plus pour des raisons sanitaires, mais pour des imp\u00e9ratifs de s\u00e9curit\u00e9.<br>Les g\u00e9ants de la finance et de l&#8217;\u00e9nergie ont activ\u00e9 leurs protocoles d&#8217;urgence : confinement, cellules d&#8217;accompagnement et suspension des d\u00e9placements.<\/p>\n\n\n\n<p class=\"has-medium-font-size\">2\ufe0f\u20e3 \ud835\udddf&#8217;\ud835\uddf6\ud835\uddfa\ud835\uddfd\ud835\uddee\ud835\uddf0\ud835\ude01 \ud835\uddf1\ud835\uddf6\ud835\uddff\ud835\uddf2\ud835\uddf0\ud835\ude01 \ud835\ude00\ud835\ude02\ud835\uddff \ud835\uddf9\ud835\uddf2\ud835\ude00 \ud835\uddf6\ud835\uddfb\ud835\uddf3\ud835\uddff\ud835\uddee\ud835\ude00\ud835\ude01\ud835\uddff\ud835\ude02\ud835\uddf0\ud835\ude01\ud835\ude02\ud835\uddff\ud835\uddf2\ud835\ude00 \ud835\uddf0\ud835\uddff\ud835\uddf6\ud835\ude01\ud835\uddf6\ud835\uddfe\ud835\ude02\ud835\uddf2\ud835\ude00 \u26a1<br>Le risque n&#8217;est plus th\u00e9orique.<br>L&#8217;arr\u00eat temporaire de la production de GNL \u00e0 Ras Laffan (Qatar) et de la raffinerie de Ras Tanura (Arabie Saoudite) d\u00e9montre la vuln\u00e9rabilit\u00e9 des actifs \u00e9nerg\u00e9tiques face aux frappes cibl\u00e9es.<br>Pour les acteurs industriels, la question de la r\u00e9silience des sites physiques et des d\u00e9bris d&#8217;interception devient un enjeu op\u00e9rationnel majeur.<\/p>\n\n\n\n<p class=\"has-medium-font-size\">3\ufe0f\u20e3 \ud835\udde8\ud835\uddfb\ud835\uddf2 \ud835\uddf0\ud835\uddfc\ud835\uddfb\ud835\uddf3\ud835\uddf6\ud835\uddee\ud835\uddfb\ud835\uddf0\ud835\uddf2 \ud835\uddfa\ud835\uddee\ud835\uddf6\ud835\uddfb\ud835\ude01\ud835\uddf2\ud835\uddfb\ud835\ude02\ud835\uddf2 \ud835\uddfa\ud835\uddee\ud835\uddf9\ud835\uddf4\ud835\uddff\ud835\uddf2\u0301 \ud835\uddf9\ud835\uddee \ud835\ude03\ud835\uddfc\ud835\uddf9\ud835\uddee\ud835\ude01\ud835\uddf6\ud835\uddf9\ud835\uddf6\ud835\ude01\ud835\uddf2\u0301 \ud83d\udcc8<br>Fait marquant : malgr\u00e9 les missiles intercept\u00e9s, l&#8217;attractivit\u00e9 de la zone ne semble pas (encore) remise en cause par les investisseurs.<br>Le narratif des places financi\u00e8res reste celui d&#8217;une r\u00e9gion robuste, \u00e9quip\u00e9e de syst\u00e8mes de d\u00e9fense performants, o\u00f9 la strat\u00e9gie de long terme l&#8217;emporte sur la panique imm\u00e9diate.<\/p>\n\n\n\n<p class=\"has-medium-font-size\">\u203c\ufe0f Au-del\u00e0 de la r\u00e9ponse locale, c&#8217;est la coordination avec les autorit\u00e9s nationales (comme la cellule de crise activ\u00e9e \u00e0 Bercy) qui devient le filet de s\u00e9curit\u00e9 indispensable pour les entreprises fran\u00e7aises.<\/p>\n\n\n\n<p class=\"has-medium-font-size\">\u2753 \ud835\uddd7\ud835\uddf6\ud835\uddff\ud835\uddf6\ud835\uddf4\ud835\uddf2\ud835\uddee\ud835\uddfb\ud835\ude01\ud835\ude00 \ud835\uddf2\ud835\ude01 \ud835\udde5\ud835\uddf6\ud835\ude00\ud835\uddf8 \ud835\udde0\ud835\uddee\ud835\uddfb\ud835\uddee\ud835\uddf4\ud835\uddf2\ud835\uddff\ud835\ude00 : Comment int\u00e9grez-vous l&#8217;impr\u00e9visibilit\u00e9 g\u00e9opolitique actuelle dans vos plans de continuit\u00e9 d&#8217;activit\u00e9 ? \ud83d\udc47<br>\u2753 \ud835\uddd4\ud835\uddf1\ud835\uddfa\ud835\uddf6\ud835\uddfb\ud835\uddf6\ud835\ude00\ud835\ude01\ud835\uddff\ud835\uddee\ud835\ude01\ud835\uddf2\ud835\ude02\ud835\uddff\ud835\ude00 : Dans un contexte de polycrise, comment le Conseil d&#8217;Administration doit-il arbitrer entre le maintien d&#8217;investissements strat\u00e9giques et l&#8217;exposition croissante aux risques g\u00e9opolitiques ? \ud83d\udc47<\/p>\n","protected":false},"excerpt":{"rendered":"<p>Les Echos, 3 mars 2026. L&#8217;escalade des tensions au Moyen-Orient marque un tournant pour les entreprises op\u00e9rant dans ces r\u00e9gions. Si l&#8217;heure n&#8217;est pas \u00e0 l&#8217;exode, la gestion du risque est pass\u00e9e en mode \u00ab haute vigilance \u00bb. \ud835\udddf&#8217;\ud835\uddee\ud835\uddfb\ud835\uddee\ud835\uddf9\ud835\ude06\ud835\ude00\ud835\uddf2 \ud835\uddf1\ud835\uddf2 \ud835\uddf9\ud835\uddee \ud835\ude00\ud835\uddf6\ud835\ude01\ud835\ude02\ud835\uddee\ud835\ude01\ud835\uddf6\ud835\uddfc\ud835\uddfb \ud835\uddee\ud835\uddf0\ud835\ude01\ud835\ude02\ud835\uddf2\ud835\uddf9\ud835\uddf9\ud835\uddf2 \ud835\uddff\ud835\uddf2\u0301\ud835\ude03\ud835\uddf2\u0300\ud835\uddf9\ud835\uddf2 \ud835\ude01\ud835\uddff\ud835\uddfc\ud835\uddf6\ud835\ude00 \ud835\uddfd\ud835\uddf6\ud835\uddf9\ud835\uddf6\ud835\uddf2\ud835\uddff\ud835\ude00 \ud835\ude00\ud835\ude01\ud835\uddff\ud835\uddee\ud835\ude01\ud835\uddf2\u0301\ud835\uddf4\ud835\uddf6\ud835\uddfe\ud835\ude02\ud835\uddf2\ud835\ude00 \ud835\uddfd\ud835\uddfc\ud835\ude02\ud835\uddff \ud835\uddf9\ud835\uddee \ud835\uddf0\ud835\uddfc\ud835\uddfb\ud835\ude01\ud835\uddf6\ud835\uddfb\ud835\ude02\ud835\uddf6\ud835\ude01\ud835\uddf2\u0301 \ud835\uddf1\ud835\uddf2\ud835\ude00 \ud835\uddee\ud835\uddf3\ud835\uddf3\ud835\uddee\ud835\uddf6\ud835\uddff\ud835\uddf2\ud835\ude00 \ud835\uddf2\ud835\uddfb \ud835\ude07\ud835\uddfc\ud835\uddfb\ud835\uddf2 \ud835\uddf1\ud835\uddf2 &hellip;<\/p>\n<p class=\"read-more\"> <a class=\"\" href=\"https:\/\/canis-conseil.fr\/index.php\/2026\/03\/03\/moyen-orient-entre-resilience-operationnelle-et-basculement-geopolitique\/\"> <span class=\"screen-reader-text\">\ud83c\udf0d Moyen-Orient : entre r\u00e9silience op\u00e9rationnelle et basculement g\u00e9opolitique<\/span> Read More &raquo;<\/a><\/p>\n","protected":false},"author":1,"featured_media":0,"comment_status":"open","ping_status":"open","sticky":false,"template":"","format":"standard","meta":{"_uag_custom_page_level_css":"","site-sidebar-layout":"default","site-content-layout":"","ast-site-content-layout":"","site-content-style":"default","site-sidebar-style":"default","ast-global-header-display":"","ast-banner-title-visibility":"","ast-main-header-display":"","ast-hfb-above-header-display":"","ast-hfb-below-header-display":"","ast-hfb-mobile-header-display":"","site-post-title":"","ast-breadcrumbs-content":"","ast-featured-img":"","footer-sml-layout":"","theme-transparent-header-meta":"","adv-header-id-meta":"","stick-header-meta":"","header-above-stick-meta":"","header-main-stick-meta":"","header-below-stick-meta":"","astra-migrate-meta-layouts":"","footnotes":""},"categories":[9,8],"tags":[],"class_list":["post-1843","post","type-post","status-publish","format-standard","hentry","category-gouvernance","category-intelligence-economique"],"uagb_featured_image_src":{"full":false,"thumbnail":false,"medium":false,"medium_large":false,"large":false,"1536x1536":false,"2048x2048":false},"uagb_author_info":{"display_name":"Catherine Delahaye","author_link":"https:\/\/canis-conseil.fr\/index.php\/author\/admin5132\/"},"uagb_comment_info":3,"uagb_excerpt":"Les Echos, 3 mars 2026. L&#8217;escalade des tensions au Moyen-Orient marque un tournant pour les entreprises op\u00e9rant dans ces r\u00e9gions. Si l&#8217;heure n&#8217;est pas \u00e0 l&#8217;exode, la gestion du risque est pass\u00e9e en mode \u00ab haute vigilance \u00bb. \ud835\udddf&#8217;\ud835\uddee\ud835\uddfb\ud835\uddee\ud835\uddf9\ud835\ude06\ud835\ude00\ud835\uddf2 \ud835\uddf1\ud835\uddf2 \ud835\uddf9\ud835\uddee \ud835\ude00\ud835\uddf6\ud835\ude01\ud835\ude02\ud835\uddee\ud835\ude01\ud835\uddf6\ud835\uddfc\ud835\uddfb \ud835\uddee\ud835\uddf0\ud835\ude01\ud835\ude02\ud835\uddf2\ud835\uddf9\ud835\uddf9\ud835\uddf2 \ud835\uddff\ud835\uddf2\u0301\ud835\ude03\ud835\uddf2\u0300\ud835\uddf9\ud835\uddf2 \ud835\ude01\ud835\uddff\ud835\uddfc\ud835\uddf6\ud835\ude00 \ud835\uddfd\ud835\uddf6\ud835\uddf9\ud835\uddf6\ud835\uddf2\ud835\uddff\ud835\ude00 \ud835\ude00\ud835\ude01\ud835\uddff\ud835\uddee\ud835\ude01\ud835\uddf2\u0301\ud835\uddf4\ud835\uddf6\ud835\uddfe\ud835\ude02\ud835\uddf2\ud835\ude00 \ud835\uddfd\ud835\uddfc\ud835\ude02\ud835\uddff \ud835\uddf9\ud835\uddee \ud835\uddf0\ud835\uddfc\ud835\uddfb\ud835\ude01\ud835\uddf6\ud835\uddfb\ud835\ude02\ud835\uddf6\ud835\ude01\ud835\uddf2\u0301 \ud835\uddf1\ud835\uddf2\ud835\ude00 \ud835\uddee\ud835\uddf3\ud835\uddf3\ud835\uddee\ud835\uddf6\ud835\uddff\ud835\uddf2\ud835\ude00 \ud835\uddf2\ud835\uddfb \ud835\ude07\ud835\uddfc\ud835\uddfb\ud835\uddf2 \ud835\uddf1\ud835\uddf2&hellip;","_links":{"self":[{"href":"https:\/\/canis-conseil.fr\/index.php\/wp-json\/wp\/v2\/posts\/1843","targetHints":{"allow":["GET"]}}],"collection":[{"href":"https:\/\/canis-conseil.fr\/index.php\/wp-json\/wp\/v2\/posts"}],"about":[{"href":"https:\/\/canis-conseil.fr\/index.php\/wp-json\/wp\/v2\/types\/post"}],"author":[{"embeddable":true,"href":"https:\/\/canis-conseil.fr\/index.php\/wp-json\/wp\/v2\/users\/1"}],"replies":[{"embeddable":true,"href":"https:\/\/canis-conseil.fr\/index.php\/wp-json\/wp\/v2\/comments?post=1843"}],"version-history":[{"count":4,"href":"https:\/\/canis-conseil.fr\/index.php\/wp-json\/wp\/v2\/posts\/1843\/revisions"}],"predecessor-version":[{"id":1847,"href":"https:\/\/canis-conseil.fr\/index.php\/wp-json\/wp\/v2\/posts\/1843\/revisions\/1847"}],"wp:attachment":[{"href":"https:\/\/canis-conseil.fr\/index.php\/wp-json\/wp\/v2\/media?parent=1843"}],"wp:term":[{"taxonomy":"category","embeddable":true,"href":"https:\/\/canis-conseil.fr\/index.php\/wp-json\/wp\/v2\/categories?post=1843"},{"taxonomy":"post_tag","embeddable":true,"href":"https:\/\/canis-conseil.fr\/index.php\/wp-json\/wp\/v2\/tags?post=1843"}],"curies":[{"name":"wp","href":"https:\/\/api.w.org\/{rel}","templated":true}]}}