{"id":1802,"date":"2026-01-26T16:37:24","date_gmt":"2026-01-26T15:37:24","guid":{"rendered":"https:\/\/canis-conseil.fr\/?p=1802"},"modified":"2026-01-26T16:37:38","modified_gmt":"2026-01-26T15:37:38","slug":"w-le-futur-twitter-europeen","status":"publish","type":"post","link":"https:\/\/canis-conseil.fr\/index.php\/2026\/01\/26\/w-le-futur-twitter-europeen\/","title":{"rendered":"\ud83d\ude80 W : le futur \u00ab Twitter europ\u00e9en \u00bb \u2049\ufe0f"},"content":{"rendered":"\n<p class=\"has-text-align-center\">26 janvier 2026. <\/p>\n\n\n\n<p class=\"has-medium-font-size\">Pourquoi &#8220;W&#8221; ?<br>Plac\u00e9 avant X dans l&#8217;ordre alphab\u00e9tique, le nom symbolise :<br>\u25aa\ufe0f le &#8220;We&#8221; (nous\/collectif)<br>\u25aa\ufe0f l&#8217;union de deux &#8220;V&#8221; pour Values (valeurs) et Verified (identit\u00e9s v\u00e9rifi\u00e9es)<\/p>\n\n\n\n<p class=\"has-medium-font-size\">Qui est \u00e0 la t\u00eate de ce projet ?<br>Anna Zeiter, Prof. Dr., Allemande, ancienne cadre d&#8217;eBay, experte en protection des donn\u00e9es et en IA, install\u00e9e \u00e0 Zurich.<br>Elle insiste sur l&#8217;urgence d&#8217;une plateforme dont la gouvernance est europ\u00e9enne pour prot\u00e9ger les processus d\u00e9mocratiques.<\/p>\n\n\n\n<p class=\"has-medium-font-size\">Qu\u2019est-ce qui rendra W diff\u00e9rent ?<br>\u2705 Une identification stricte : pour en finir avec les bots et les usines \u00e0 trolls, chaque utilisateur devra passer par un processus d&#8217;identification rigoureux.<br>\ud83c\uddea\ud83c\uddfa Souverainet\u00e9 des donn\u00e9es : W sera gouvern\u00e9 (filiale de We Don&#8217;t Have Time en Su\u00e8de; \u00e9quipes r\u00e9parties \u00e0 Londres, Ukraine, Berlin et Paris) et h\u00e9berg\u00e9 en Europe, de mani\u00e8re d\u00e9centralis\u00e9e, garantissant un respect strict des r\u00e9glementations europ\u00e9ennes sur la vie priv\u00e9e.<br>\ud83d\udee1\ufe0f Lutte contre les bulles de filtres : contrairement aux algorithmes traditionnels qui flattent les opinions de l&#8217;utilisateur, W cherchera \u00e0 exposer \u00e0 des points de vue divergents pour favoriser un d\u00e9bat nuanc\u00e9 plut\u00f4t que la &#8220;clash culture&#8221;.<br>\u2696\ufe0f Lutte contre les fake news : faire de la v\u00e9rit\u00e9 et de la confiance le socle du d\u00e9bat public.<\/p>\n\n\n\n<p class=\"has-medium-font-size\">Quand ?<br>Annonc\u00e9 en marge de Davos, le lancement de la version b\u00eata est pr\u00e9vu pour f\u00e9vrier 2026 et l&#8217;ouverture au grand public d&#8217;ici la fin de l&#8217;ann\u00e9e.<br>\ud83d\udc47 Pr\u00eats \u00e0 tester W d\u00e8s sa sortie ?<\/p>\n\n\n\n<p><span style=\"text-decoration: underline;\">Sources<\/span> :<br><a href=\"https:\/\/www.lesechos.fr\/tech-medias\/hightech\/la-desinformation-systemique-erode-la-confiance-du-public-w-le-nouveau-reseau-social-europeen-qui-reve-de-defier-x-2211570\">https:\/\/www.lesechos.fr\/tech-medias\/hightech\/la-desinformation-systemique-erode-la-confiance-du-public-w-le-nouveau-reseau-social-europeen-qui-reve-de-defier-x-2211570<\/a><br><a href=\"https:\/\/www.elaee.com\/2026\/01\/26\/36436-w-cest-cool-cest-nouveau-cest-europeen-et-cest-avant-x\">https:\/\/www.elaee.com\/2026\/01\/26\/36436-w-cest-cool-cest-nouveau-cest-europeen-et-cest-avant-x<\/a><br><a href=\"https:\/\/www.bilanz.ch\/people\/w-social-will-twitter-konkurrenz-machen-899933\">https:\/\/www.bilanz.ch\/people\/w-social-will-twitter-konkurrenz-machen-899933<\/a> <\/p>\n","protected":false},"excerpt":{"rendered":"<p>26 janvier 2026. Pourquoi &#8220;W&#8221; ?Plac\u00e9 avant X dans l&#8217;ordre alphab\u00e9tique, le nom symbolise :\u25aa\ufe0f le &#8220;We&#8221; (nous\/collectif)\u25aa\ufe0f l&#8217;union de deux &#8220;V&#8221; pour Values (valeurs) et Verified (identit\u00e9s v\u00e9rifi\u00e9es) Qui est \u00e0 la t\u00eate de ce projet ?Anna Zeiter, Prof. Dr., Allemande, ancienne cadre d&#8217;eBay, experte en protection des donn\u00e9es et en IA, install\u00e9e \u00e0 &hellip;<\/p>\n<p class=\"read-more\"> <a class=\"\" href=\"https:\/\/canis-conseil.fr\/index.php\/2026\/01\/26\/w-le-futur-twitter-europeen\/\"> <span class=\"screen-reader-text\">\ud83d\ude80 W : le futur \u00ab Twitter europ\u00e9en \u00bb \u2049\ufe0f<\/span> Read More &raquo;<\/a><\/p>\n","protected":false},"author":1,"featured_media":0,"comment_status":"open","ping_status":"open","sticky":false,"template":"","format":"standard","meta":{"_uag_custom_page_level_css":"","site-sidebar-layout":"default","site-content-layout":"","ast-site-content-layout":"","site-content-style":"default","site-sidebar-style":"default","ast-global-header-display":"","ast-banner-title-visibility":"","ast-main-header-display":"","ast-hfb-above-header-display":"","ast-hfb-below-header-display":"","ast-hfb-mobile-header-display":"","site-post-title":"","ast-breadcrumbs-content":"","ast-featured-img":"","footer-sml-layout":"","theme-transparent-header-meta":"","adv-header-id-meta":"","stick-header-meta":"","header-above-stick-meta":"","header-main-stick-meta":"","header-below-stick-meta":"","astra-migrate-meta-layouts":"","footnotes":""},"categories":[12,8],"tags":[],"class_list":["post-1802","post","type-post","status-publish","format-standard","hentry","category-communication","category-intelligence-economique"],"uagb_featured_image_src":{"full":false,"thumbnail":false,"medium":false,"medium_large":false,"large":false,"1536x1536":false,"2048x2048":false},"uagb_author_info":{"display_name":"Catherine Delahaye","author_link":"https:\/\/canis-conseil.fr\/index.php\/author\/admin5132\/"},"uagb_comment_info":1,"uagb_excerpt":"26 janvier 2026. Pourquoi &#8220;W&#8221; ?Plac\u00e9 avant X dans l&#8217;ordre alphab\u00e9tique, le nom symbolise :\u25aa\ufe0f le &#8220;We&#8221; (nous\/collectif)\u25aa\ufe0f l&#8217;union de deux &#8220;V&#8221; pour Values (valeurs) et Verified (identit\u00e9s v\u00e9rifi\u00e9es) Qui est \u00e0 la t\u00eate de ce projet ?Anna Zeiter, Prof. Dr., Allemande, ancienne cadre d&#8217;eBay, experte en protection des donn\u00e9es et en IA, install\u00e9e \u00e0&hellip;","_links":{"self":[{"href":"https:\/\/canis-conseil.fr\/index.php\/wp-json\/wp\/v2\/posts\/1802","targetHints":{"allow":["GET"]}}],"collection":[{"href":"https:\/\/canis-conseil.fr\/index.php\/wp-json\/wp\/v2\/posts"}],"about":[{"href":"https:\/\/canis-conseil.fr\/index.php\/wp-json\/wp\/v2\/types\/post"}],"author":[{"embeddable":true,"href":"https:\/\/canis-conseil.fr\/index.php\/wp-json\/wp\/v2\/users\/1"}],"replies":[{"embeddable":true,"href":"https:\/\/canis-conseil.fr\/index.php\/wp-json\/wp\/v2\/comments?post=1802"}],"version-history":[{"count":1,"href":"https:\/\/canis-conseil.fr\/index.php\/wp-json\/wp\/v2\/posts\/1802\/revisions"}],"predecessor-version":[{"id":1803,"href":"https:\/\/canis-conseil.fr\/index.php\/wp-json\/wp\/v2\/posts\/1802\/revisions\/1803"}],"wp:attachment":[{"href":"https:\/\/canis-conseil.fr\/index.php\/wp-json\/wp\/v2\/media?parent=1802"}],"wp:term":[{"taxonomy":"category","embeddable":true,"href":"https:\/\/canis-conseil.fr\/index.php\/wp-json\/wp\/v2\/categories?post=1802"},{"taxonomy":"post_tag","embeddable":true,"href":"https:\/\/canis-conseil.fr\/index.php\/wp-json\/wp\/v2\/tags?post=1802"}],"curies":[{"name":"wp","href":"https:\/\/api.w.org\/{rel}","templated":true}]}}