{"id":1792,"date":"2025-11-27T17:06:38","date_gmt":"2025-11-27T16:06:38","guid":{"rendered":"https:\/\/canis-conseil.fr\/?p=1792"},"modified":"2026-01-22T17:08:36","modified_gmt":"2026-01-22T16:08:36","slug":"esg-startups-entre-vraies-avancees-et-essoufflement-environnemental","status":"publish","type":"post","link":"https:\/\/canis-conseil.fr\/index.php\/2025\/11\/27\/esg-startups-entre-vraies-avancees-et-essoufflement-environnemental\/","title":{"rendered":"\ud83c\udf0d ESG &amp; Startups : entre vraies avanc\u00e9es et essoufflement environnemental"},"content":{"rendered":"\n<p class=\"has-text-align-center\"><a href=\"https:\/\/www.lesechos.fr\/start-up\/impact\/gouvernance-diversite-environnement-les-avancees-et-les-reculs-des-start-up-2201182\" target=\"_blank\" rel=\"noreferrer noopener\">Les Echos<\/a>, 27 novembre 2025. <\/p>\n\n\n\n<p class=\"has-medium-font-size\">La derni\u00e8re \u00e9tude de Revaia, r\u00e9alis\u00e9e avec Apiday, dresse un bilan contrast\u00e9 des pratiques ESG des startups europ\u00e9ennes entre 2022 et 2024.<br>Et le moins qu\u2019on puisse dire, c\u2019est que les dynamiques ne vont pas toutes dans le m\u00eame sens. \ud83d\udcc9\ud83d\udcc8<\/p>\n\n\n\n<p class=\"has-medium-font-size\">1\ufe0f\u20e3 Diversit\u00e9 : des progr\u00e8s\u2026 mais encore trop lents<br>Bonne nouvelle : 90 % des startups en S\u00e9rie C ont d\u00e9sormais une politique de diversit\u00e9 formalis\u00e9e.<br>Moins bonne nouvelle : la part des femmes dirigeantes stagne entre 21 % et 25 %.<br>Les intentions sont l\u00e0, mais la r\u00e9alit\u00e9 op\u00e9rationnelle peine \u00e0 suivre. \u26a0\ufe0f<\/p>\n\n\n\n<p class=\"has-medium-font-size\">2\ufe0f\u20e3 Cybers\u00e9curit\u00e9 : l\u2019acc\u00e9l\u00e9ration massive<br>C\u2019est LE point fort du rapport.<br>Les certifications en protection des donn\u00e9es explosent (+41 points en deux ans pour les s\u00e9ries A).<br>Entre pression r\u00e9glementaire et arriv\u00e9e de l\u2019AI Act, la gouvernance des donn\u00e9es devient un pilier strat\u00e9gique. \ud83d\udee1\ufe0f<\/p>\n\n\n\n<p class=\"has-medium-font-size\">3\ufe0f\u20e3 Environnement : un recul pr\u00e9occupant<br>C\u2019est le vrai signal d\u2019alarme : \u201320 points dans l\u2019adoption de politiques environnementales formalis\u00e9es chez les s\u00e9ries B et C.<br>Deux facteurs majeurs :<br>\u25aa\ufe0f Le retrait de certains financeurs des alliances climatiques.<br>\u25fe L\u2019essor de l\u2019IA, dont la consommation \u00e9nerg\u00e9tique massive cr\u00e9e une incertitude sur les engagements long terme. \u26a0\ufe0f<\/p>\n\n\n\n<p class=\"has-medium-font-size\">\u2714\ufe0f A noter : la fonction ESG se professionnalise.<br>M\u00eame en amor\u00e7age, 41 % des startups disposent d\u00e9sormais d\u2019un r\u00e9f\u00e9rent ESG (souvent cumul\u00e9 avec la communication). Une structuration qui va dans le bon sens.<\/p>\n\n\n\n<p class=\"has-medium-font-size\">\ud83e\udded En clair :<br>Les startups avancent sur le social et la cybers\u00e9curit\u00e9, mais le pilier environnemental marque clairement le pas face aux tensions \u00e9conomiques et technologiques.<\/p>\n\n\n\n<p class=\"has-medium-font-size\">\ud83d\udcac Et vous : observez-vous ce ralentissement environnemental dans votre secteur ?<br>L\u2019IA est-elle un frein ou un levier pour vos engagements ESG ?<\/p>\n","protected":false},"excerpt":{"rendered":"<p>Les Echos, 27 novembre 2025. La derni\u00e8re \u00e9tude de Revaia, r\u00e9alis\u00e9e avec Apiday, dresse un bilan contrast\u00e9 des pratiques ESG des startups europ\u00e9ennes entre 2022 et 2024.Et le moins qu\u2019on puisse dire, c\u2019est que les dynamiques ne vont pas toutes dans le m\u00eame sens. \ud83d\udcc9\ud83d\udcc8 1\ufe0f\u20e3 Diversit\u00e9 : des progr\u00e8s\u2026 mais encore trop lentsBonne nouvelle &hellip;<\/p>\n<p class=\"read-more\"> <a class=\"\" href=\"https:\/\/canis-conseil.fr\/index.php\/2025\/11\/27\/esg-startups-entre-vraies-avancees-et-essoufflement-environnemental\/\"> <span class=\"screen-reader-text\">\ud83c\udf0d ESG &amp; Startups : entre vraies avanc\u00e9es et essoufflement environnemental<\/span> Read More &raquo;<\/a><\/p>\n","protected":false},"author":1,"featured_media":0,"comment_status":"open","ping_status":"open","sticky":false,"template":"","format":"standard","meta":{"_uag_custom_page_level_css":"","site-sidebar-layout":"default","site-content-layout":"","ast-site-content-layout":"","site-content-style":"default","site-sidebar-style":"default","ast-global-header-display":"","ast-banner-title-visibility":"","ast-main-header-display":"","ast-hfb-above-header-display":"","ast-hfb-below-header-display":"","ast-hfb-mobile-header-display":"","site-post-title":"","ast-breadcrumbs-content":"","ast-featured-img":"","footer-sml-layout":"","theme-transparent-header-meta":"","adv-header-id-meta":"","stick-header-meta":"","header-above-stick-meta":"","header-main-stick-meta":"","header-below-stick-meta":"","astra-migrate-meta-layouts":"","footnotes":""},"categories":[10,11],"tags":[],"class_list":["post-1792","post","type-post","status-publish","format-standard","hentry","category-esg","category-start-up"],"uagb_featured_image_src":{"full":false,"thumbnail":false,"medium":false,"medium_large":false,"large":false,"1536x1536":false,"2048x2048":false},"uagb_author_info":{"display_name":"Catherine Delahaye","author_link":"https:\/\/canis-conseil.fr\/index.php\/author\/admin5132\/"},"uagb_comment_info":1,"uagb_excerpt":"Les Echos, 27 novembre 2025. La derni\u00e8re \u00e9tude de Revaia, r\u00e9alis\u00e9e avec Apiday, dresse un bilan contrast\u00e9 des pratiques ESG des startups europ\u00e9ennes entre 2022 et 2024.Et le moins qu\u2019on puisse dire, c\u2019est que les dynamiques ne vont pas toutes dans le m\u00eame sens. \ud83d\udcc9\ud83d\udcc8 1\ufe0f\u20e3 Diversit\u00e9 : des progr\u00e8s\u2026 mais encore trop lentsBonne nouvelle&hellip;","_links":{"self":[{"href":"https:\/\/canis-conseil.fr\/index.php\/wp-json\/wp\/v2\/posts\/1792","targetHints":{"allow":["GET"]}}],"collection":[{"href":"https:\/\/canis-conseil.fr\/index.php\/wp-json\/wp\/v2\/posts"}],"about":[{"href":"https:\/\/canis-conseil.fr\/index.php\/wp-json\/wp\/v2\/types\/post"}],"author":[{"embeddable":true,"href":"https:\/\/canis-conseil.fr\/index.php\/wp-json\/wp\/v2\/users\/1"}],"replies":[{"embeddable":true,"href":"https:\/\/canis-conseil.fr\/index.php\/wp-json\/wp\/v2\/comments?post=1792"}],"version-history":[{"count":1,"href":"https:\/\/canis-conseil.fr\/index.php\/wp-json\/wp\/v2\/posts\/1792\/revisions"}],"predecessor-version":[{"id":1793,"href":"https:\/\/canis-conseil.fr\/index.php\/wp-json\/wp\/v2\/posts\/1792\/revisions\/1793"}],"wp:attachment":[{"href":"https:\/\/canis-conseil.fr\/index.php\/wp-json\/wp\/v2\/media?parent=1792"}],"wp:term":[{"taxonomy":"category","embeddable":true,"href":"https:\/\/canis-conseil.fr\/index.php\/wp-json\/wp\/v2\/categories?post=1792"},{"taxonomy":"post_tag","embeddable":true,"href":"https:\/\/canis-conseil.fr\/index.php\/wp-json\/wp\/v2\/tags?post=1792"}],"curies":[{"name":"wp","href":"https:\/\/api.w.org\/{rel}","templated":true}]}}