{"id":1722,"date":"2025-12-05T12:19:24","date_gmt":"2025-12-05T11:19:24","guid":{"rendered":"https:\/\/canis-conseil.fr\/?p=1722"},"modified":"2025-12-08T12:21:29","modified_gmt":"2025-12-08T11:21:29","slug":"tensions-transatlantiques-la-strategie-nationale-de-securite-americaine-prevoit-leffacement-civilisationnel-de-leurope","status":"publish","type":"post","link":"https:\/\/canis-conseil.fr\/index.php\/2025\/12\/05\/tensions-transatlantiques-la-strategie-nationale-de-securite-americaine-prevoit-leffacement-civilisationnel-de-leurope\/","title":{"rendered":"\ud83c\udf0d Tensions transatlantiques : la \u00ab\u00a0Strat\u00e9gie nationale de s\u00e9curit\u00e9\u00a0\u00bb am\u00e9ricaine pr\u00e9voit l&#8217;effacement civilisationnel de l&#8217;Europe"},"content":{"rendered":"\n<p class=\"has-text-align-center\"><a href=\"https:\/\/www.lesechos.fr\/monde\/etats-unis\/ladministration-trump-predit-l-effacement-civilisationnel-de-leurope-2203072\" target=\"_blank\" rel=\"noreferrer noopener\">Les Echos<\/a>, 5 d\u00e9cembre 2025. <\/p>\n\n\n\n<p class=\"has-medium-font-size\">La nouvelle \u00ab Strat\u00e9gie nationale de s\u00e9curit\u00e9 \u00bb am\u00e9ricaine, publi\u00e9e par l\u2019administration Trump, d\u00e9crit l\u2019Europe comme en d\u00e9clin \u00e9conomique et moral, qui pourrait perdre sa capacit\u00e9 \u00e0 rester un alli\u00e9 fiable dans vingt ans.<br>Le document \u00e9voque la \u00ab perspective r\u00e9elle et plus forte d&#8217;un effacement civilisationnel \u00bb, attribuant cela aux r\u00e9glementations et \u00e0 la perte des identit\u00e9s nationales.<br>Les \u00c9tats-Unis affirment vouloir imposer une paix rapide en Ukraine, quitte \u00e0 court-circuiter les positions europ\u00e9ennes \u00ab irr\u00e9alistes \u00bb.<br>\ud83d\udca1 Lien vers le document original : <a href=\"https:\/\/www.whitehouse.gov\/wp-content\/uploads\/2025\/12\/2025-National-Security-Strategy.pdf\">https:\/\/www.whitehouse.gov\/wp-content\/uploads\/2025\/12\/2025-National-Security-Strategy.pdf<\/a>.<\/p>\n\n\n\n<p class=\"has-medium-font-size\">\ud83d\udce2 Les r\u00e9actions sont tranch\u00e9es :<br>\ud83c\udde9\ud83c\uddea Berlin hausse le ton, refusant les le\u00e7ons de d\u00e9mocratie.<br>\ud83c\uddea\ud83c\uddfa Bruxelles (Kaja Kallas) temporise, reconnaissant que certaines critiques sont \u00ab fond\u00e9es \u00bb et rappelant que les \u00c9tats-Unis restent un alli\u00e9 majeur malgr\u00e9 les critiques.<br>\ud83c\uddeb\ud83c\uddf7 Plusieurs eurod\u00e9put\u00e9s d\u00e9noncent un texte jug\u00e9 \u00ab dangereux \u00bb, accusant Washington de soutenir les extr\u00eames droites et d\u2019\u00e9pouser la vision du Kremlin.<br>\ud83c\uddf7\ud83c\uddfa Moscou, de son c\u00f4t\u00e9, salue une approche \u00ab globalement conforme \u00bb \u00e0 la sienne.<\/p>\n\n\n\n<p class=\"has-medium-font-size\">\ud83d\udca1 Enjeux cl\u00e9s :<br>Red\u00e9finition des relations transatlantiques<br>Fragilisation de l\u2019unit\u00e9 europ\u00e9enne<br>Risque d\u2019un rapprochement strat\u00e9gique entre Washington et Moscou<\/p>\n\n\n\n<p class=\"has-medium-font-size\">\u2753 Question : l\u2019Europe est-elle pr\u00eate \u00e0 transformer cette critique brutale en sursaut strat\u00e9gique ?<\/p>\n","protected":false},"excerpt":{"rendered":"<p>Les Echos, 5 d\u00e9cembre 2025. La nouvelle \u00ab Strat\u00e9gie nationale de s\u00e9curit\u00e9 \u00bb am\u00e9ricaine, publi\u00e9e par l\u2019administration Trump, d\u00e9crit l\u2019Europe comme en d\u00e9clin \u00e9conomique et moral, qui pourrait perdre sa capacit\u00e9 \u00e0 rester un alli\u00e9 fiable dans vingt ans.Le document \u00e9voque la \u00ab perspective r\u00e9elle et plus forte d&#8217;un effacement civilisationnel \u00bb, attribuant cela aux &hellip;<\/p>\n<p class=\"read-more\"> <a class=\"\" href=\"https:\/\/canis-conseil.fr\/index.php\/2025\/12\/05\/tensions-transatlantiques-la-strategie-nationale-de-securite-americaine-prevoit-leffacement-civilisationnel-de-leurope\/\"> <span class=\"screen-reader-text\">\ud83c\udf0d Tensions transatlantiques : la \u00ab\u00a0Strat\u00e9gie nationale de s\u00e9curit\u00e9\u00a0\u00bb am\u00e9ricaine pr\u00e9voit l&#8217;effacement civilisationnel de l&#8217;Europe<\/span> Read More &raquo;<\/a><\/p>\n","protected":false},"author":1,"featured_media":0,"comment_status":"open","ping_status":"open","sticky":false,"template":"","format":"standard","meta":{"_uag_custom_page_level_css":"","site-sidebar-layout":"default","site-content-layout":"","ast-site-content-layout":"","site-content-style":"default","site-sidebar-style":"default","ast-global-header-display":"","ast-banner-title-visibility":"","ast-main-header-display":"","ast-hfb-above-header-display":"","ast-hfb-below-header-display":"","ast-hfb-mobile-header-display":"","site-post-title":"","ast-breadcrumbs-content":"","ast-featured-img":"","footer-sml-layout":"","theme-transparent-header-meta":"","adv-header-id-meta":"","stick-header-meta":"","header-above-stick-meta":"","header-main-stick-meta":"","header-below-stick-meta":"","astra-migrate-meta-layouts":"","footnotes":""},"categories":[8],"tags":[],"class_list":["post-1722","post","type-post","status-publish","format-standard","hentry","category-intelligence-economique"],"uagb_featured_image_src":{"full":false,"thumbnail":false,"medium":false,"medium_large":false,"large":false,"1536x1536":false,"2048x2048":false},"uagb_author_info":{"display_name":"Catherine Delahaye","author_link":"https:\/\/canis-conseil.fr\/index.php\/author\/admin5132\/"},"uagb_comment_info":0,"uagb_excerpt":"Les Echos, 5 d\u00e9cembre 2025. La nouvelle \u00ab Strat\u00e9gie nationale de s\u00e9curit\u00e9 \u00bb am\u00e9ricaine, publi\u00e9e par l\u2019administration Trump, d\u00e9crit l\u2019Europe comme en d\u00e9clin \u00e9conomique et moral, qui pourrait perdre sa capacit\u00e9 \u00e0 rester un alli\u00e9 fiable dans vingt ans.Le document \u00e9voque la \u00ab perspective r\u00e9elle et plus forte d&#8217;un effacement civilisationnel \u00bb, attribuant cela aux&hellip;","_links":{"self":[{"href":"https:\/\/canis-conseil.fr\/index.php\/wp-json\/wp\/v2\/posts\/1722","targetHints":{"allow":["GET"]}}],"collection":[{"href":"https:\/\/canis-conseil.fr\/index.php\/wp-json\/wp\/v2\/posts"}],"about":[{"href":"https:\/\/canis-conseil.fr\/index.php\/wp-json\/wp\/v2\/types\/post"}],"author":[{"embeddable":true,"href":"https:\/\/canis-conseil.fr\/index.php\/wp-json\/wp\/v2\/users\/1"}],"replies":[{"embeddable":true,"href":"https:\/\/canis-conseil.fr\/index.php\/wp-json\/wp\/v2\/comments?post=1722"}],"version-history":[{"count":2,"href":"https:\/\/canis-conseil.fr\/index.php\/wp-json\/wp\/v2\/posts\/1722\/revisions"}],"predecessor-version":[{"id":1724,"href":"https:\/\/canis-conseil.fr\/index.php\/wp-json\/wp\/v2\/posts\/1722\/revisions\/1724"}],"wp:attachment":[{"href":"https:\/\/canis-conseil.fr\/index.php\/wp-json\/wp\/v2\/media?parent=1722"}],"wp:term":[{"taxonomy":"category","embeddable":true,"href":"https:\/\/canis-conseil.fr\/index.php\/wp-json\/wp\/v2\/categories?post=1722"},{"taxonomy":"post_tag","embeddable":true,"href":"https:\/\/canis-conseil.fr\/index.php\/wp-json\/wp\/v2\/tags?post=1722"}],"curies":[{"name":"wp","href":"https:\/\/api.w.org\/{rel}","templated":true}]}}