{"id":1526,"date":"2025-11-21T20:57:56","date_gmt":"2025-11-21T19:57:56","guid":{"rendered":"https:\/\/canis-conseil.fr\/?p=1526"},"modified":"2025-11-23T21:15:57","modified_gmt":"2025-11-23T20:15:57","slug":"le-retour-des-cheveux-longs-au-dela-de-la-tendance-mode","status":"publish","type":"post","link":"https:\/\/canis-conseil.fr\/index.php\/2025\/11\/21\/le-retour-des-cheveux-longs-au-dela-de-la-tendance-mode\/","title":{"rendered":"\u2728 Le retour des cheveux longs : au-del\u00e0 de la tendance mode \u2728"},"content":{"rendered":"\n<p class=\"has-text-align-center\"><a href=\"https:\/\/www.lesechos.fr\/weekend\/mode-beaute\/la-chronique-de-sabine-delanglade-les-cheveux-longs-longs-longs-2200272\" target=\"_blank\" rel=\"noreferrer noopener\">Les Echos<\/a>, 21 novembre 2025. <\/p>\n\n\n\n<p class=\"has-medium-font-size\">La chronique de Sabine Delanglade dans Les Echos week-end met en lumi\u00e8re un ph\u00e9nom\u00e8ne int\u00e9ressant : les cheveux longs, tr\u00e8s longs, d\u00e9tr\u00f4nent le carr\u00e9 embl\u00e9matique des &#8220;power women&#8221;. \ud83d\udc87\u200d\u2640\ufe0f<\/p>\n\n\n\n<p class=\"has-medium-font-size\">Mais une coupe de cheveux n\u2019est jamais qu\u2019une affaire de style.<br>Elle a toujours port\u00e9 des significations plus profondes :<br>\u25aa\ufe0f H\u00e9ritage et respect (les tresses chinoises de Confucius).<br>\u25aa\ufe0f Affirmation ou r\u00e9bellion (Jeanne d\u2019Arc, les gar\u00e7onnes des ann\u00e9es 1920).<br>\u25aa\ufe0f Symbole de pouvoir (les coupes courtes des premi\u00e8res femmes leaders modernes).<\/p>\n\n\n\n<p class=\"has-medium-font-size\">Je constate que cette tendance des cheveux longs, soign\u00e9s et assum\u00e9s, est tr\u00e8s fr\u00e9quente actuellement parmi les membres des nombreux r\u00e9seaux f\u00e9minins.<br>\u2753 Est-ce un signe d\u2019\u00e9mancipation et de confiance retrouv\u00e9e ou bien le retour insidieux d\u2019un id\u00e9al de f\u00e9minit\u00e9 classique, voire contraignant, qui vient contredire l&#8217;image de l&#8217;\u00e9mancipation totale dans le milieu des affaires ?<\/p>\n\n\n\n<p class=\"has-medium-font-size\">\ud83d\udc49 Qu\u2019en pensez-vous : \u00e9volution lib\u00e9ratrice ou nouvelle norme \u00e0 interroger ?<\/p>\n","protected":false},"excerpt":{"rendered":"<p>Les Echos, 21 novembre 2025. La chronique de Sabine Delanglade dans Les Echos week-end met en lumi\u00e8re un ph\u00e9nom\u00e8ne int\u00e9ressant : les cheveux longs, tr\u00e8s longs, d\u00e9tr\u00f4nent le carr\u00e9 embl\u00e9matique des &#8220;power women&#8221;. \ud83d\udc87\u200d\u2640\ufe0f Mais une coupe de cheveux n\u2019est jamais qu\u2019une affaire de style.Elle a toujours port\u00e9 des significations plus profondes :\u25aa\ufe0f H\u00e9ritage et &hellip;<\/p>\n<p class=\"read-more\"> <a class=\"\" href=\"https:\/\/canis-conseil.fr\/index.php\/2025\/11\/21\/le-retour-des-cheveux-longs-au-dela-de-la-tendance-mode\/\"> <span class=\"screen-reader-text\">\u2728 Le retour des cheveux longs : au-del\u00e0 de la tendance mode \u2728<\/span> Read More &raquo;<\/a><\/p>\n","protected":false},"author":1,"featured_media":0,"comment_status":"open","ping_status":"open","sticky":false,"template":"","format":"standard","meta":{"_uag_custom_page_level_css":"","site-sidebar-layout":"default","site-content-layout":"","ast-site-content-layout":"","site-content-style":"default","site-sidebar-style":"default","ast-global-header-display":"","ast-banner-title-visibility":"","ast-main-header-display":"","ast-hfb-above-header-display":"","ast-hfb-below-header-display":"","ast-hfb-mobile-header-display":"","site-post-title":"","ast-breadcrumbs-content":"","ast-featured-img":"","footer-sml-layout":"","theme-transparent-header-meta":"","adv-header-id-meta":"","stick-header-meta":"","header-above-stick-meta":"","header-main-stick-meta":"","header-below-stick-meta":"","astra-migrate-meta-layouts":"","footnotes":""},"categories":[12],"tags":[],"class_list":["post-1526","post","type-post","status-publish","format-standard","hentry","category-communication"],"uagb_featured_image_src":{"full":false,"thumbnail":false,"medium":false,"medium_large":false,"large":false,"1536x1536":false,"2048x2048":false},"uagb_author_info":{"display_name":"Catherine Delahaye","author_link":"https:\/\/canis-conseil.fr\/index.php\/author\/admin5132\/"},"uagb_comment_info":0,"uagb_excerpt":"Les Echos, 21 novembre 2025. La chronique de Sabine Delanglade dans Les Echos week-end met en lumi\u00e8re un ph\u00e9nom\u00e8ne int\u00e9ressant : les cheveux longs, tr\u00e8s longs, d\u00e9tr\u00f4nent le carr\u00e9 embl\u00e9matique des &#8220;power women&#8221;. \ud83d\udc87\u200d\u2640\ufe0f Mais une coupe de cheveux n\u2019est jamais qu\u2019une affaire de style.Elle a toujours port\u00e9 des significations plus profondes :\u25aa\ufe0f H\u00e9ritage et&hellip;","_links":{"self":[{"href":"https:\/\/canis-conseil.fr\/index.php\/wp-json\/wp\/v2\/posts\/1526","targetHints":{"allow":["GET"]}}],"collection":[{"href":"https:\/\/canis-conseil.fr\/index.php\/wp-json\/wp\/v2\/posts"}],"about":[{"href":"https:\/\/canis-conseil.fr\/index.php\/wp-json\/wp\/v2\/types\/post"}],"author":[{"embeddable":true,"href":"https:\/\/canis-conseil.fr\/index.php\/wp-json\/wp\/v2\/users\/1"}],"replies":[{"embeddable":true,"href":"https:\/\/canis-conseil.fr\/index.php\/wp-json\/wp\/v2\/comments?post=1526"}],"version-history":[{"count":1,"href":"https:\/\/canis-conseil.fr\/index.php\/wp-json\/wp\/v2\/posts\/1526\/revisions"}],"predecessor-version":[{"id":1527,"href":"https:\/\/canis-conseil.fr\/index.php\/wp-json\/wp\/v2\/posts\/1526\/revisions\/1527"}],"wp:attachment":[{"href":"https:\/\/canis-conseil.fr\/index.php\/wp-json\/wp\/v2\/media?parent=1526"}],"wp:term":[{"taxonomy":"category","embeddable":true,"href":"https:\/\/canis-conseil.fr\/index.php\/wp-json\/wp\/v2\/categories?post=1526"},{"taxonomy":"post_tag","embeddable":true,"href":"https:\/\/canis-conseil.fr\/index.php\/wp-json\/wp\/v2\/tags?post=1526"}],"curies":[{"name":"wp","href":"https:\/\/api.w.org\/{rel}","templated":true}]}}