{"id":1261,"date":"2025-09-23T18:07:59","date_gmt":"2025-09-23T16:07:59","guid":{"rendered":"https:\/\/canis-conseil.fr\/?p=1261"},"modified":"2025-11-21T16:47:33","modified_gmt":"2025-11-21T15:47:33","slug":"la-succession-des-dirigeants-un-defi-toujours-mal-anticipe-en-france","status":"publish","type":"post","link":"https:\/\/canis-conseil.fr\/index.php\/2025\/09\/23\/la-succession-des-dirigeants-un-defi-toujours-mal-anticipe-en-france\/","title":{"rendered":"La succession des dirigeants, un d\u00e9fi toujours mal anticip\u00e9 en France"},"content":{"rendered":"\n<p class=\"has-text-align-center\"><a href=\"https:\/\/www.lesechos.fr\/idees-debats\/leadership-management\/dirigeants-la-succession-un-defi-toujours-mal-anticipe-en-france-2187742\" target=\"_blank\" rel=\"noreferrer noopener\">Les Echos<\/a>, 23 septembre 2025. <\/p>\n\n\n\n<p class=\"has-medium-font-size\">\u26a0\ufe0f Gestion de la succession des dirigeants en France : un enjeu encore trop souvent sous-estim\u00e9 !<\/p>\n\n\n\n<p class=\"has-medium-font-size\">L&#8217;\u00e9tude &#8220;Route to the Top 2025&#8221; de Heidrick &amp; Struggles met en lumi\u00e8re une probl\u00e9matique fran\u00e7aise d&#8217;anticipation et d&#8217;alignement strat\u00e9gique des plans de succession.<\/p>\n\n\n\n<p class=\"has-medium-font-size\">\ud83d\udcca Le d\u00e9calage de priorit\u00e9<br>\u25fe 52 % des administrateurs fran\u00e7ais consid\u00e8rent la succession des dirigeants comme une \u00ab question secondaire \u00bb.<br>\u25b6\ufe0f C&#8217;est deux fois plus que la moyenne mondiale (25 %), signalant un d\u00e9faut majeur de vigilance au sommet.<br>\u25fe Seuls 45 % des administrateurs fran\u00e7ais estiment que leur plan pr\u00e9pare bien l&#8217;entreprise aux transitions.<br>\u25b6\ufe0f Contre 56 % \u00e0 l&#8217;\u00e9chelle mondiale et 54 % en Europe.<\/p>\n\n\n\n<p class=\"has-medium-font-size\">\ud83d\udcc9 Moins d&#8217;anticipation, moins de pr\u00e9paration<br>Ce manque de priorit\u00e9 m\u00e8ne \u00e0 des pratiques moins structur\u00e9es : seulement 21 % des conseils d&#8217;administration en France m\u00e8nent une planification de la succession en continu, les autres s&#8217;y consacrant ponctuellement ou r\u00e9agissant uniquement en urgence.<br>\u25b6\ufe0f M\u00eame la volont\u00e9 d&#8217;\u00e9voluer est plus faible : 68 % des conseils fran\u00e7ais annoncent des \u00e9volutions, contre 73 % en moyenne mondiale.<\/p>\n\n\n\n<p class=\"has-medium-font-size\">Les cons\u00e9quences ? Des transitions mal absorb\u00e9es, des co\u00fbts \u00e9lev\u00e9s li\u00e9s \u00e0 l&#8217;improvisation ainsi qu&#8217;un risque pour la gouvernance et la valeur de l&#8217;entreprise.<\/p>\n\n\n\n<p class=\"has-medium-font-size\">\ud83d\udd11 De l&#8217;improvisation \u00e0 l&#8217;actif strat\u00e9gique<br>Pour rattraper ce retard, l&#8217;\u00e9tude insiste sur la n\u00e9cessit\u00e9 de :<br>\u25fe Prioriser la succession comme un actif strat\u00e9gique<br>\u25fe \u00c9largir les viviers de successeurs au-del\u00e0 du Comex et y compris l&#8217;externe<br>\u25fe Impliquer strat\u00e9giquement la DRH pour fluidifier les processus<\/p>\n\n\n\n<p class=\"has-medium-font-size\">\ud83d\udca1 La succession n&#8217;est pas une proc\u00e9dure administrative d&#8217;urgence mais une discipline de gouvernance qui s\u00e9curise la trajectoire et cr\u00e9e de la valeur dans la dur\u00e9e.<br>Qu&#8217;en pensez-vous ?<\/p>\n\n\n\n<p class=\"has-medium-font-size\">\ud83d\udccc En tant qu\u2019administratrice ind\u00e9pendante, j\u2019accompagne les entreprises dans la structuration de leur gouvernance et encourage les dirigeants \u00e0 la prise de recul : se poser les bonnes questions pour porter une vision strat\u00e9gique qui sert l&#8217;humain autant que la performance.<\/p>\n\n\n\n<p class=\"has-medium-font-size\">L&#8217;\u00e9tude : <a href=\"https:\/\/www.heidrick.com\/-\/media\/heidrickcom\/publications-and-reports\/route-to-the-top-2025_the-ascent-redefined.pdf\">https:\/\/www.heidrick.com\/-\/media\/heidrickcom\/publications-and-reports\/route-to-the-top-2025_the-ascent-redefined.pdf<\/a><\/p>\n","protected":false},"excerpt":{"rendered":"<p>Les Echos, 23 septembre 2025. \u26a0\ufe0f Gestion de la succession des dirigeants en France : un enjeu encore trop souvent sous-estim\u00e9 ! L&#8217;\u00e9tude &#8220;Route to the Top 2025&#8221; de Heidrick &amp; Struggles met en lumi\u00e8re une probl\u00e9matique fran\u00e7aise d&#8217;anticipation et d&#8217;alignement strat\u00e9gique des plans de succession. \ud83d\udcca Le d\u00e9calage de priorit\u00e9\u25fe 52 % des administrateurs &hellip;<\/p>\n<p class=\"read-more\"> <a class=\"\" href=\"https:\/\/canis-conseil.fr\/index.php\/2025\/09\/23\/la-succession-des-dirigeants-un-defi-toujours-mal-anticipe-en-france\/\"> <span class=\"screen-reader-text\">La succession des dirigeants, un d\u00e9fi toujours mal anticip\u00e9 en France<\/span> Read More &raquo;<\/a><\/p>\n","protected":false},"author":1,"featured_media":0,"comment_status":"open","ping_status":"open","sticky":false,"template":"","format":"standard","meta":{"_uag_custom_page_level_css":"","site-sidebar-layout":"default","site-content-layout":"","ast-site-content-layout":"","site-content-style":"default","site-sidebar-style":"default","ast-global-header-display":"","ast-banner-title-visibility":"","ast-main-header-display":"","ast-hfb-above-header-display":"","ast-hfb-below-header-display":"","ast-hfb-mobile-header-display":"","site-post-title":"","ast-breadcrumbs-content":"","ast-featured-img":"","footer-sml-layout":"","theme-transparent-header-meta":"","adv-header-id-meta":"","stick-header-meta":"","header-above-stick-meta":"","header-main-stick-meta":"","header-below-stick-meta":"","astra-migrate-meta-layouts":"","footnotes":""},"categories":[10,9],"tags":[],"class_list":["post-1261","post","type-post","status-publish","format-standard","hentry","category-esg","category-gouvernance"],"uagb_featured_image_src":{"full":false,"thumbnail":false,"medium":false,"medium_large":false,"large":false,"1536x1536":false,"2048x2048":false},"uagb_author_info":{"display_name":"Catherine Delahaye","author_link":"https:\/\/canis-conseil.fr\/index.php\/author\/admin5132\/"},"uagb_comment_info":0,"uagb_excerpt":"Les Echos, 23 septembre 2025. \u26a0\ufe0f Gestion de la succession des dirigeants en France : un enjeu encore trop souvent sous-estim\u00e9 ! L&#8217;\u00e9tude &#8220;Route to the Top 2025&#8221; de Heidrick &amp; Struggles met en lumi\u00e8re une probl\u00e9matique fran\u00e7aise d&#8217;anticipation et d&#8217;alignement strat\u00e9gique des plans de succession. \ud83d\udcca Le d\u00e9calage de priorit\u00e9\u25fe 52 % des administrateurs&hellip;","_links":{"self":[{"href":"https:\/\/canis-conseil.fr\/index.php\/wp-json\/wp\/v2\/posts\/1261","targetHints":{"allow":["GET"]}}],"collection":[{"href":"https:\/\/canis-conseil.fr\/index.php\/wp-json\/wp\/v2\/posts"}],"about":[{"href":"https:\/\/canis-conseil.fr\/index.php\/wp-json\/wp\/v2\/types\/post"}],"author":[{"embeddable":true,"href":"https:\/\/canis-conseil.fr\/index.php\/wp-json\/wp\/v2\/users\/1"}],"replies":[{"embeddable":true,"href":"https:\/\/canis-conseil.fr\/index.php\/wp-json\/wp\/v2\/comments?post=1261"}],"version-history":[{"count":2,"href":"https:\/\/canis-conseil.fr\/index.php\/wp-json\/wp\/v2\/posts\/1261\/revisions"}],"predecessor-version":[{"id":1311,"href":"https:\/\/canis-conseil.fr\/index.php\/wp-json\/wp\/v2\/posts\/1261\/revisions\/1311"}],"wp:attachment":[{"href":"https:\/\/canis-conseil.fr\/index.php\/wp-json\/wp\/v2\/media?parent=1261"}],"wp:term":[{"taxonomy":"category","embeddable":true,"href":"https:\/\/canis-conseil.fr\/index.php\/wp-json\/wp\/v2\/categories?post=1261"},{"taxonomy":"post_tag","embeddable":true,"href":"https:\/\/canis-conseil.fr\/index.php\/wp-json\/wp\/v2\/tags?post=1261"}],"curies":[{"name":"wp","href":"https:\/\/api.w.org\/{rel}","templated":true}]}}