{"id":1183,"date":"2025-06-18T12:11:57","date_gmt":"2025-06-18T10:11:57","guid":{"rendered":"https:\/\/canis-conseil.fr\/?p=1183"},"modified":"2025-11-23T17:20:57","modified_gmt":"2025-11-23T16:20:57","slug":"les-industriels-tetanises-par-les-frondes-anti-usines","status":"publish","type":"post","link":"https:\/\/canis-conseil.fr\/index.php\/2025\/06\/18\/les-industriels-tetanises-par-les-frondes-anti-usines\/","title":{"rendered":"Les industriels t\u00e9tanis\u00e9s par les frondes anti-usines"},"content":{"rendered":"\n<p class=\"has-text-align-center\"><a href=\"https:\/\/www.lesechos.fr\/industrie-services\/industrie-lourde\/les-industriels-tetanises-par-les-frondes-anti-usines-2171483\" target=\"_blank\" rel=\"noreferrer noopener\">Les Echos<\/a>, 18 juin 2025. <\/p>\n\n\n\n<p class=\"has-medium-font-size\">Alors que la transition \u00e9nerg\u00e9tique a cr\u00e9\u00e9 un appel d&#8217;air pour des projets industriels d&#8217;un nouveau genre, des collectifs de plus en plus visibles \u00e9mergent pour s&#8217;y opposer dans les territoires. Une bataille qui finit bien souvent sur le terrain judiciaire. [\u2026] La multiplication des projets pourrait, pour certains, expliquer ces frondes : \u00ab France 2030 et les aides europ\u00e9ennes ont engendr\u00e9 un afflux de projets d&#8217;usines li\u00e9es \u00e0 la d\u00e9carbonation \u00bb, indique Marc Papinutti, le pr\u00e9sident de la Commission nationale du d\u00e9bat public (CNDP). [\u2026] Fait notable et souvent r\u00e9dhibitoire pour les riverains : certains de ces projets sont port\u00e9s par des industriels peu connus en France ou des PME tr\u00e8s r\u00e9centes dans l&#8217;industrie, bien souvent pour des activit\u00e9s nouvelles mal connues du grand public, car l\u00e0 encore r\u00e9centes (la production de carburants synth\u00e9tiques, le captage de CO2, d&#8217;hydrog\u00e8ne\u2026). Pour compliquer le tout, certains industriels cherchent \u00e0 s&#8217;installer dans des r\u00e9gions o\u00f9 l&#8217;industrie n&#8217;est plus qu&#8217;un lointain souvenir\u2026 [\u2026] La loi sur l&#8217;industrie verte, vot\u00e9e \u00e0 l&#8217;automne 2023, peut-elle changer la donne ? Celle-ci offre des outils pour acc\u00e9l\u00e9rer l&#8217;octroi des permis. Mais cette loi ne r\u00e8gle pas tout et s&#8217;immisce peu sur le terrain du contentieux. Si les projets industriels reconnus de \u00ab raison imp\u00e9rative d&#8217;int\u00e9r\u00eat public majeur \u00bb (RIIPM) sont \u00e9ligibles \u00e0 l&#8217;obtention d&#8217;une d\u00e9rogation de protection des \u00ab esp\u00e8ces prot\u00e9g\u00e9es \u00bb, ils n&#8217;ont pas de blanc-seing pour autant, puisque d&#8217;autres crit\u00e8res doivent \u00eatre respect\u00e9s pour en b\u00e9n\u00e9ficier.<\/p>\n","protected":false},"excerpt":{"rendered":"<p>Les Echos, 18 juin 2025. Alors que la transition \u00e9nerg\u00e9tique a cr\u00e9\u00e9 un appel d&#8217;air pour des projets industriels d&#8217;un nouveau genre, des collectifs de plus en plus visibles \u00e9mergent pour s&#8217;y opposer dans les territoires. Une bataille qui finit bien souvent sur le terrain judiciaire. [\u2026] La multiplication des projets pourrait, pour certains, expliquer &hellip;<\/p>\n<p class=\"read-more\"> <a class=\"\" href=\"https:\/\/canis-conseil.fr\/index.php\/2025\/06\/18\/les-industriels-tetanises-par-les-frondes-anti-usines\/\"> <span class=\"screen-reader-text\">Les industriels t\u00e9tanis\u00e9s par les frondes anti-usines<\/span> Read More &raquo;<\/a><\/p>\n","protected":false},"author":1,"featured_media":0,"comment_status":"open","ping_status":"open","sticky":false,"template":"","format":"standard","meta":{"_uag_custom_page_level_css":"","site-sidebar-layout":"default","site-content-layout":"","ast-site-content-layout":"","site-content-style":"default","site-sidebar-style":"default","ast-global-header-display":"","ast-banner-title-visibility":"","ast-main-header-display":"","ast-hfb-above-header-display":"","ast-hfb-below-header-display":"","ast-hfb-mobile-header-display":"","site-post-title":"","ast-breadcrumbs-content":"","ast-featured-img":"","footer-sml-layout":"","theme-transparent-header-meta":"","adv-header-id-meta":"","stick-header-meta":"","header-above-stick-meta":"","header-main-stick-meta":"","header-below-stick-meta":"","astra-migrate-meta-layouts":"","footnotes":""},"categories":[8],"tags":[],"class_list":["post-1183","post","type-post","status-publish","format-standard","hentry","category-intelligence-economique"],"uagb_featured_image_src":{"full":false,"thumbnail":false,"medium":false,"medium_large":false,"large":false,"1536x1536":false,"2048x2048":false},"uagb_author_info":{"display_name":"Catherine Delahaye","author_link":"https:\/\/canis-conseil.fr\/index.php\/author\/admin5132\/"},"uagb_comment_info":0,"uagb_excerpt":"Les Echos, 18 juin 2025. Alors que la transition \u00e9nerg\u00e9tique a cr\u00e9\u00e9 un appel d&#8217;air pour des projets industriels d&#8217;un nouveau genre, des collectifs de plus en plus visibles \u00e9mergent pour s&#8217;y opposer dans les territoires. Une bataille qui finit bien souvent sur le terrain judiciaire. [\u2026] La multiplication des projets pourrait, pour certains, expliquer&hellip;","_links":{"self":[{"href":"https:\/\/canis-conseil.fr\/index.php\/wp-json\/wp\/v2\/posts\/1183","targetHints":{"allow":["GET"]}}],"collection":[{"href":"https:\/\/canis-conseil.fr\/index.php\/wp-json\/wp\/v2\/posts"}],"about":[{"href":"https:\/\/canis-conseil.fr\/index.php\/wp-json\/wp\/v2\/types\/post"}],"author":[{"embeddable":true,"href":"https:\/\/canis-conseil.fr\/index.php\/wp-json\/wp\/v2\/users\/1"}],"replies":[{"embeddable":true,"href":"https:\/\/canis-conseil.fr\/index.php\/wp-json\/wp\/v2\/comments?post=1183"}],"version-history":[{"count":2,"href":"https:\/\/canis-conseil.fr\/index.php\/wp-json\/wp\/v2\/posts\/1183\/revisions"}],"predecessor-version":[{"id":1343,"href":"https:\/\/canis-conseil.fr\/index.php\/wp-json\/wp\/v2\/posts\/1183\/revisions\/1343"}],"wp:attachment":[{"href":"https:\/\/canis-conseil.fr\/index.php\/wp-json\/wp\/v2\/media?parent=1183"}],"wp:term":[{"taxonomy":"category","embeddable":true,"href":"https:\/\/canis-conseil.fr\/index.php\/wp-json\/wp\/v2\/categories?post=1183"},{"taxonomy":"post_tag","embeddable":true,"href":"https:\/\/canis-conseil.fr\/index.php\/wp-json\/wp\/v2\/tags?post=1183"}],"curies":[{"name":"wp","href":"https:\/\/api.w.org\/{rel}","templated":true}]}}