{"id":1174,"date":"2025-06-25T17:41:40","date_gmt":"2025-06-25T15:41:40","guid":{"rendered":"https:\/\/canis-conseil.fr\/?p=1174"},"modified":"2025-11-23T17:19:52","modified_gmt":"2025-11-23T16:19:52","slug":"aucun-pays-ne-peut-prosperer-en-sisolant-au-davos-de-tianjin-la-charge-anti-trump-du-premier-ministre-chinois","status":"publish","type":"post","link":"https:\/\/canis-conseil.fr\/index.php\/2025\/06\/25\/aucun-pays-ne-peut-prosperer-en-sisolant-au-davos-de-tianjin-la-charge-anti-trump-du-premier-ministre-chinois\/","title":{"rendered":"\u00ab\u00a0Aucun pays ne peut prosp\u00e9rer en s&#8217;isolant\u00a0\u00bb\u00a0: au Davos de Tianjin, la charge anti-Trump du Premier ministre chinois"},"content":{"rendered":"\n<p class=\"has-text-align-center\"><a href=\"https:\/\/www.lesechos.fr\/monde\/chine\/aucun-pays-ne-peut-prosperer-en-sisolant-au-davos-de-tianjin-la-charge-anti-trump-du-premier-ministre-chinois-2172863\" target=\"_blank\" rel=\"noreferrer noopener\">Les Echos<\/a>, 25 juin 2025. <\/p>\n\n\n\n<p class=\"has-medium-font-size\">Lors de son discours d&#8217;ouverture au Forum d&#8217;\u00e9t\u00e9 de Davos \u00e0 Tianjin, Li Qiang, premier ministre chinois, a critiqu\u00e9 la guerre commerciale lanc\u00e9e par Donald Trump contre le reste de la plan\u00e8te et qui a plac\u00e9 l&#8217;\u00e9conomie mondiale dans une situation qui rappelle la crise financi\u00e8re de 2008. [\u2026] La Chine a traditionnellement utilis\u00e9 l&#8217;\u00e9dition d&#8217;\u00e9t\u00e9 du World Economic Forum, qui a lieu chaque ann\u00e9e depuis 2008 alternativement \u00e0 Tianjin ou Dalian, pour se pr\u00e9senter comme une \u00e9conomie r\u00e9formatrice et ouverte aux investissements devant un parterre de PDG \u00e9trangers. [\u2026] L&#8217;\u00e9v\u00e9nement n&#8217;est plus un carrefour des affaires comme autrefois. [\u2026] Cette ann\u00e9e, le pr\u00e9sident de l&#8217;Equateur et les Premiers ministres du Vietnam, de Singapour, du S\u00e9n\u00e9gal et du Kirghizistan &#8211; des pays proches voire alli\u00e9s de la Chine &#8211; \u00e9taient les principaux VIP politiques. L&#8217;Europe occidentale \u00e9tait virtuellement absente, avec l&#8217;ex-Premier ministre britannique Tony Blair figurant parmi les rares repr\u00e9sentants du Vieux Continent.<\/p>\n\n\n\n<p><\/p>\n","protected":false},"excerpt":{"rendered":"<p>Les Echos, 25 juin 2025. Lors de son discours d&#8217;ouverture au Forum d&#8217;\u00e9t\u00e9 de Davos \u00e0 Tianjin, Li Qiang, premier ministre chinois, a critiqu\u00e9 la guerre commerciale lanc\u00e9e par Donald Trump contre le reste de la plan\u00e8te et qui a plac\u00e9 l&#8217;\u00e9conomie mondiale dans une situation qui rappelle la crise financi\u00e8re de 2008. [\u2026] La &hellip;<\/p>\n<p class=\"read-more\"> <a class=\"\" href=\"https:\/\/canis-conseil.fr\/index.php\/2025\/06\/25\/aucun-pays-ne-peut-prosperer-en-sisolant-au-davos-de-tianjin-la-charge-anti-trump-du-premier-ministre-chinois\/\"> <span class=\"screen-reader-text\">\u00ab\u00a0Aucun pays ne peut prosp\u00e9rer en s&#8217;isolant\u00a0\u00bb\u00a0: au Davos de Tianjin, la charge anti-Trump du Premier ministre chinois<\/span> Read More &raquo;<\/a><\/p>\n","protected":false},"author":1,"featured_media":0,"comment_status":"open","ping_status":"open","sticky":false,"template":"","format":"standard","meta":{"_uag_custom_page_level_css":"","site-sidebar-layout":"default","site-content-layout":"","ast-site-content-layout":"","site-content-style":"default","site-sidebar-style":"default","ast-global-header-display":"","ast-banner-title-visibility":"","ast-main-header-display":"","ast-hfb-above-header-display":"","ast-hfb-below-header-display":"","ast-hfb-mobile-header-display":"","site-post-title":"","ast-breadcrumbs-content":"","ast-featured-img":"","footer-sml-layout":"","theme-transparent-header-meta":"","adv-header-id-meta":"","stick-header-meta":"","header-above-stick-meta":"","header-main-stick-meta":"","header-below-stick-meta":"","astra-migrate-meta-layouts":"","footnotes":""},"categories":[8],"tags":[],"class_list":["post-1174","post","type-post","status-publish","format-standard","hentry","category-intelligence-economique"],"uagb_featured_image_src":{"full":false,"thumbnail":false,"medium":false,"medium_large":false,"large":false,"1536x1536":false,"2048x2048":false},"uagb_author_info":{"display_name":"Catherine Delahaye","author_link":"https:\/\/canis-conseil.fr\/index.php\/author\/admin5132\/"},"uagb_comment_info":0,"uagb_excerpt":"Les Echos, 25 juin 2025. Lors de son discours d&#8217;ouverture au Forum d&#8217;\u00e9t\u00e9 de Davos \u00e0 Tianjin, Li Qiang, premier ministre chinois, a critiqu\u00e9 la guerre commerciale lanc\u00e9e par Donald Trump contre le reste de la plan\u00e8te et qui a plac\u00e9 l&#8217;\u00e9conomie mondiale dans une situation qui rappelle la crise financi\u00e8re de 2008. [\u2026] La&hellip;","_links":{"self":[{"href":"https:\/\/canis-conseil.fr\/index.php\/wp-json\/wp\/v2\/posts\/1174","targetHints":{"allow":["GET"]}}],"collection":[{"href":"https:\/\/canis-conseil.fr\/index.php\/wp-json\/wp\/v2\/posts"}],"about":[{"href":"https:\/\/canis-conseil.fr\/index.php\/wp-json\/wp\/v2\/types\/post"}],"author":[{"embeddable":true,"href":"https:\/\/canis-conseil.fr\/index.php\/wp-json\/wp\/v2\/users\/1"}],"replies":[{"embeddable":true,"href":"https:\/\/canis-conseil.fr\/index.php\/wp-json\/wp\/v2\/comments?post=1174"}],"version-history":[{"count":2,"href":"https:\/\/canis-conseil.fr\/index.php\/wp-json\/wp\/v2\/posts\/1174\/revisions"}],"predecessor-version":[{"id":1339,"href":"https:\/\/canis-conseil.fr\/index.php\/wp-json\/wp\/v2\/posts\/1174\/revisions\/1339"}],"wp:attachment":[{"href":"https:\/\/canis-conseil.fr\/index.php\/wp-json\/wp\/v2\/media?parent=1174"}],"wp:term":[{"taxonomy":"category","embeddable":true,"href":"https:\/\/canis-conseil.fr\/index.php\/wp-json\/wp\/v2\/categories?post=1174"},{"taxonomy":"post_tag","embeddable":true,"href":"https:\/\/canis-conseil.fr\/index.php\/wp-json\/wp\/v2\/tags?post=1174"}],"curies":[{"name":"wp","href":"https:\/\/api.w.org\/{rel}","templated":true}]}}