{"id":1087,"date":"2025-02-17T17:11:21","date_gmt":"2025-02-17T16:11:21","guid":{"rendered":"https:\/\/canis-conseil.fr\/?p=1087"},"modified":"2025-11-23T17:34:28","modified_gmt":"2025-11-23T16:34:28","slug":"il-y-a-un-nouveau-sherif-en-ville-le-texte-integral-de-la-lecon-de-j-d-vance-a-leurope","status":"publish","type":"post","link":"https:\/\/canis-conseil.fr\/index.php\/2025\/02\/17\/il-y-a-un-nouveau-sherif-en-ville-le-texte-integral-de-la-lecon-de-j-d-vance-a-leurope\/","title":{"rendered":"\u00ab\u00a0Il y a un nouveau sh\u00e9rif en ville\u00a0\u00bb\u00a0: le texte int\u00e9gral de la le\u00e7on de J. D.\u00a0Vance \u00e0 l&#8217;Europe"},"content":{"rendered":"\n<p class=\"has-text-align-center\"><a href=\"https:\/\/www.lesechos.fr\/monde\/enjeux-internationaux\/il-y-a-un-nouveau-sherif-en-ville-le-texte-integral-de-la-lecon-de-j-d-vance-a-leurope-2149222\" target=\"_blank\" rel=\"noreferrer noopener\">Les Echos<\/a>, 17 f\u00e9vrier 2025.<\/p>\n\n\n\n<p class=\"has-medium-font-size\">\u25b6\ufe0f La traduction du discours de J.D. Vance, vice-pr\u00e9sident des USA, \u00e0 la Conf\u00e9rence de Munich le 14 f\u00e9vrier 2025 : <a href=\"https:\/\/www.lesechos.fr\/monde\/enjeux-internationaux\/il-y-a-un-nouveau-sherif-en-ville-le-texte-integral-de-la-lecon-de-j-d-vance-a-leurope-2149222\">https:\/\/www.lesechos.fr\/monde\/enjeux-internationaux\/il-y-a-un-nouveau-sherif-en-ville-le-texte-integral-de-la-lecon-de-j-d-vance-a-leurope-2149222<\/a><\/p>\n\n\n\n<p class=\"has-medium-font-size\">\ud83d\udcfd\ufe0f Et la version vid\u00e9o en VO ici : <a href=\"https:\/\/www.youtube.com\/watch?v=pCOsgfINdKg\">https:\/\/www.youtube.com\/watch?v=pCOsgfINdKg<\/a><\/p>\n","protected":false},"excerpt":{"rendered":"<p>Les Echos, 17 f\u00e9vrier 2025. \u25b6\ufe0f La traduction du discours de J.D. Vance, vice-pr\u00e9sident des USA, \u00e0 la Conf\u00e9rence de Munich le 14 f\u00e9vrier 2025 : https:\/\/www.lesechos.fr\/monde\/enjeux-internationaux\/il-y-a-un-nouveau-sherif-en-ville-le-texte-integral-de-la-lecon-de-j-d-vance-a-leurope-2149222 \ud83d\udcfd\ufe0f Et la version vid\u00e9o en VO ici : https:\/\/www.youtube.com\/watch?v=pCOsgfINdKg<\/p>\n","protected":false},"author":1,"featured_media":0,"comment_status":"open","ping_status":"open","sticky":false,"template":"","format":"standard","meta":{"_uag_custom_page_level_css":"","site-sidebar-layout":"default","site-content-layout":"","ast-site-content-layout":"","site-content-style":"default","site-sidebar-style":"default","ast-global-header-display":"","ast-banner-title-visibility":"","ast-main-header-display":"","ast-hfb-above-header-display":"","ast-hfb-below-header-display":"","ast-hfb-mobile-header-display":"","site-post-title":"","ast-breadcrumbs-content":"","ast-featured-img":"","footer-sml-layout":"","theme-transparent-header-meta":"","adv-header-id-meta":"","stick-header-meta":"","header-above-stick-meta":"","header-main-stick-meta":"","header-below-stick-meta":"","astra-migrate-meta-layouts":"","footnotes":""},"categories":[8],"tags":[],"class_list":["post-1087","post","type-post","status-publish","format-standard","hentry","category-intelligence-economique"],"uagb_featured_image_src":{"full":false,"thumbnail":false,"medium":false,"medium_large":false,"large":false,"1536x1536":false,"2048x2048":false},"uagb_author_info":{"display_name":"Catherine Delahaye","author_link":"https:\/\/canis-conseil.fr\/index.php\/author\/admin5132\/"},"uagb_comment_info":0,"uagb_excerpt":"Les Echos, 17 f\u00e9vrier 2025. \u25b6\ufe0f La traduction du discours de J.D. Vance, vice-pr\u00e9sident des USA, \u00e0 la Conf\u00e9rence de Munich le 14 f\u00e9vrier 2025 : https:\/\/www.lesechos.fr\/monde\/enjeux-internationaux\/il-y-a-un-nouveau-sherif-en-ville-le-texte-integral-de-la-lecon-de-j-d-vance-a-leurope-2149222 \ud83d\udcfd\ufe0f Et la version vid\u00e9o en VO ici : https:\/\/www.youtube.com\/watch?v=pCOsgfINdKg","_links":{"self":[{"href":"https:\/\/canis-conseil.fr\/index.php\/wp-json\/wp\/v2\/posts\/1087","targetHints":{"allow":["GET"]}}],"collection":[{"href":"https:\/\/canis-conseil.fr\/index.php\/wp-json\/wp\/v2\/posts"}],"about":[{"href":"https:\/\/canis-conseil.fr\/index.php\/wp-json\/wp\/v2\/types\/post"}],"author":[{"embeddable":true,"href":"https:\/\/canis-conseil.fr\/index.php\/wp-json\/wp\/v2\/users\/1"}],"replies":[{"embeddable":true,"href":"https:\/\/canis-conseil.fr\/index.php\/wp-json\/wp\/v2\/comments?post=1087"}],"version-history":[{"count":2,"href":"https:\/\/canis-conseil.fr\/index.php\/wp-json\/wp\/v2\/posts\/1087\/revisions"}],"predecessor-version":[{"id":1385,"href":"https:\/\/canis-conseil.fr\/index.php\/wp-json\/wp\/v2\/posts\/1087\/revisions\/1385"}],"wp:attachment":[{"href":"https:\/\/canis-conseil.fr\/index.php\/wp-json\/wp\/v2\/media?parent=1087"}],"wp:term":[{"taxonomy":"category","embeddable":true,"href":"https:\/\/canis-conseil.fr\/index.php\/wp-json\/wp\/v2\/categories?post=1087"},{"taxonomy":"post_tag","embeddable":true,"href":"https:\/\/canis-conseil.fr\/index.php\/wp-json\/wp\/v2\/tags?post=1087"}],"curies":[{"name":"wp","href":"https:\/\/api.w.org\/{rel}","templated":true}]}}